{"id":24386,"date":"2025-01-23T12:59:58","date_gmt":"2025-01-23T10:59:58","guid":{"rendered":"https:\/\/fecc.ee\/?p=24386"},"modified":"2026-03-29T19:18:14","modified_gmt":"2026-03-29T17:18:14","slug":"22-01-2025-laternamatk-paaskula-rabas","status":"publish","type":"post","link":"https:\/\/fecc.ee\/fi\/22-01-2025-laternamatk-paaskula-rabas\/","title":{"rendered":"22.1.2025 Lyhtyretki P\u00e4\u00e4sk\u00fclan suolla"},"content":{"rendered":"<div data-elementor-type=\"wp-post\" data-elementor-id=\"24386\" class=\"elementor elementor-24386\" data-elementor-post-type=\"post\">\n\t\t\t\t<div class=\"elementor-element elementor-element-3d8cdb2 e-flex e-con-boxed e-con e-parent\" data-id=\"3d8cdb2\" data-element_type=\"container\" data-e-type=\"container\">\n\t\t\t\t\t<div class=\"e-con-inner\">\n\t\t\t\t<div class=\"elementor-element elementor-element-587b9b4 elementor-widget elementor-widget-text-editor\" data-id=\"587b9b4\" data-element_type=\"widget\" data-e-type=\"widget\" data-widget_type=\"text-editor.default\">\n\t\t\t\t\t\t\t\t\t<p>K\u00e4isime hiljuti P\u00e4\u00e4sk\u00fcla rabas laternamatkal, mis osutus v\u00e4ga meeleolukaks ja meeldej\u00e4\u00e4vaks kogemuseks. Matk kulges l\u00e4bi p\u00f5nevate radade ja pakkus v\u00f5imalust avastada looduse ilu pimedas metsaaluses laternavalguse saatel.<\/p><p>Kuigi maastik n\u00f5udis tublisti jalalihaste pingutamist, et p\u00fcsti p\u00fcsida, oli vaev kuhjaga seda v\u00e4\u00e4rt. Matka k\u00e4igus saime teada palju uut rabade, soode, lindude, loomade ja taimede kohta. Laternavalgus l\u00f5i m\u00f5nusa ja hubase \u00f5hkkonna, mis muutis r\u00e4nnaku eriliseks.<br \/>Matka k\u00f5rghetkeks oli j\u00f5e \u00fcletamine, mis pani k\u00f5igi julguse proovile. Veidi ekstreemsust t\u00f5i osalejatele elevust ja r\u00f5\u00f5mu \u2013 just sellised hetked j\u00e4\u00e4vad kauaks meelde.<\/p><p>Laternamatk P\u00e4\u00e4sk\u00fcla rabas polnud lihtsalt jalutusk\u00e4ik looduses, vaid mitmek\u00fclgne elamus, mis pakkus nii \u00f5ppimist, liikumist kui ka seiklusi. Sellised hetked toovad v\u00e4rskust ja r\u00f5\u00f5mu argip\u00e4eva.<\/p>\t\t\t\t\t\t\t\t<\/div>\n\t\t\t\t<div class=\"elementor-element elementor-element-b7cd7d2 elementor-widget elementor-widget-gallery\" data-id=\"b7cd7d2\" data-element_type=\"widget\" data-e-type=\"widget\" data-settings=\"{&quot;gallery_layout&quot;:&quot;justified&quot;,&quot;ideal_row_height&quot;:{&quot;unit&quot;:&quot;px&quot;,&quot;size&quot;:160,&quot;sizes&quot;:[]},&quot;gap&quot;:{&quot;unit&quot;:&quot;px&quot;,&quot;size&quot;:16,&quot;sizes&quot;:[]},&quot;lazyload&quot;:&quot;yes&quot;,&quot;ideal_row_height_tablet&quot;:{&quot;unit&quot;:&quot;px&quot;,&quot;size&quot;:150,&quot;sizes&quot;:[]},&quot;ideal_row_height_mobile&quot;:{&quot;unit&quot;:&quot;px&quot;,&quot;size&quot;:150,&quot;sizes&quot;:[]},&quot;gap_tablet&quot;:{&quot;unit&quot;:&quot;px&quot;,&quot;size&quot;:10,&quot;sizes&quot;:[]},&quot;gap_mobile&quot;:{&quot;unit&quot;:&quot;px&quot;,&quot;size&quot;:10,&quot;sizes&quot;:[]},&quot;link_to&quot;:&quot;file&quot;,&quot;overlay_background&quot;:&quot;yes&quot;,&quot;content_hover_animation&quot;:&quot;fade-in&quot;}\" data-widget_type=\"gallery.default\">\n\t\t\t\t\t\t\t<div class=\"elementor-gallery__container\">\n\t\t\t\t\t\t\t<a class=\"e-gallery-item elementor-gallery-item elementor-animated-content\" href=\"https:\/\/fecc.ee\/wp-content\/uploads\/2025\/01\/IMG_8646-scaled.jpg\" data-elementor-open-lightbox=\"yes\" data-elementor-lightbox-slideshow=\"b7cd7d2\" data-elementor-lightbox-title=\"IMG_8646\" data-e-action-hash=\"#elementor-action%3Aaction%3Dlightbox%26settings%3DeyJpZCI6MTA3MTEsInVybCI6Imh0dHBzOlwvXC9mZWNjLmVlXC93cC1jb250ZW50XC91cGxvYWRzXC8yMDI1XC8wMVwvSU1HXzg2NDYtc2NhbGVkLmpwZyIsInNsaWRlc2hvdyI6ImI3Y2Q3ZDIifQ%3D%3D\">\n\t\t\t\t\t<div class=\"e-gallery-image elementor-gallery-item__image\" data-thumbnail=\"https:\/\/fecc.ee\/wp-content\/uploads\/2025\/01\/IMG_8646-768x512.jpg\" data-width=\"768\" data-height=\"512\" aria-label=\"\" role=\"img\" ><\/div>\n\t\t\t\t\t\t\t\t\t\t\t<div class=\"elementor-gallery-item__overlay\"><\/div>\n\t\t\t\t\t\t\t\t\t\t\t\t\t\t<\/a>\n\t\t\t\t\t\t\t<a class=\"e-gallery-item elementor-gallery-item elementor-animated-content\" href=\"https:\/\/fecc.ee\/wp-content\/uploads\/2025\/01\/IMG_8069-scaled.jpg\" data-elementor-open-lightbox=\"yes\" data-elementor-lightbox-slideshow=\"b7cd7d2\" data-elementor-lightbox-title=\"IMG_8069\" data-e-action-hash=\"#elementor-action%3Aaction%3Dlightbox%26settings%3DeyJpZCI6MTA3MDIsInVybCI6Imh0dHBzOlwvXC9mZWNjLmVlXC93cC1jb250ZW50XC91cGxvYWRzXC8yMDI1XC8wMVwvSU1HXzgwNjktc2NhbGVkLmpwZyIsInNsaWRlc2hvdyI6ImI3Y2Q3ZDIifQ%3D%3D\">\n\t\t\t\t\t<div class=\"e-gallery-image elementor-gallery-item__image\" data-thumbnail=\"https:\/\/fecc.ee\/wp-content\/uploads\/2025\/01\/IMG_8069-768x512.jpg\" data-width=\"768\" data-height=\"512\" aria-label=\"\" role=\"img\" ><\/div>\n\t\t\t\t\t\t\t\t\t\t\t<div class=\"elementor-gallery-item__overlay\"><\/div>\n\t\t\t\t\t\t\t\t\t\t\t\t\t\t<\/a>\n\t\t\t\t\t\t\t<a class=\"e-gallery-item elementor-gallery-item elementor-animated-content\" href=\"https:\/\/fecc.ee\/wp-content\/uploads\/2025\/01\/IMG_8215-scaled.jpg\" data-elementor-open-lightbox=\"yes\" data-elementor-lightbox-slideshow=\"b7cd7d2\" data-elementor-lightbox-title=\"IMG_8215\" data-e-action-hash=\"#elementor-action%3Aaction%3Dlightbox%26settings%3DeyJpZCI6MTA3MDYsInVybCI6Imh0dHBzOlwvXC9mZWNjLmVlXC93cC1jb250ZW50XC91cGxvYWRzXC8yMDI1XC8wMVwvSU1HXzgyMTUtc2NhbGVkLmpwZyIsInNsaWRlc2hvdyI6ImI3Y2Q3ZDIifQ%3D%3D\">\n\t\t\t\t\t<div class=\"e-gallery-image elementor-gallery-item__image\" data-thumbnail=\"https:\/\/fecc.ee\/wp-content\/uploads\/2025\/01\/IMG_8215-768x512.jpg\" data-width=\"768\" data-height=\"512\" aria-label=\"\" role=\"img\" ><\/div>\n\t\t\t\t\t\t\t\t\t\t\t<div class=\"elementor-gallery-item__overlay\"><\/div>\n\t\t\t\t\t\t\t\t\t\t\t\t\t\t<\/a>\n\t\t\t\t\t\t\t<a class=\"e-gallery-item elementor-gallery-item elementor-animated-content\" href=\"https:\/\/fecc.ee\/wp-content\/uploads\/2025\/01\/IMG_8095-scaled.jpg\" data-elementor-open-lightbox=\"yes\" data-elementor-lightbox-slideshow=\"b7cd7d2\" data-elementor-lightbox-title=\"IMG_8095\" data-e-action-hash=\"#elementor-action%3Aaction%3Dlightbox%26settings%3DeyJpZCI6MTA3MDMsInVybCI6Imh0dHBzOlwvXC9mZWNjLmVlXC93cC1jb250ZW50XC91cGxvYWRzXC8yMDI1XC8wMVwvSU1HXzgwOTUtc2NhbGVkLmpwZyIsInNsaWRlc2hvdyI6ImI3Y2Q3ZDIifQ%3D%3D\">\n\t\t\t\t\t<div class=\"e-gallery-image elementor-gallery-item__image\" data-thumbnail=\"https:\/\/fecc.ee\/wp-content\/uploads\/2025\/01\/IMG_8095-768x512.jpg\" data-width=\"768\" data-height=\"512\" aria-label=\"\" role=\"img\" ><\/div>\n\t\t\t\t\t\t\t\t\t\t\t<div class=\"elementor-gallery-item__overlay\"><\/div>\n\t\t\t\t\t\t\t\t\t\t\t\t\t\t<\/a>\n\t\t\t\t\t\t\t<a class=\"e-gallery-item elementor-gallery-item elementor-animated-content\" href=\"https:\/\/fecc.ee\/wp-content\/uploads\/2025\/01\/IMG_8628-scaled.jpg\" data-elementor-open-lightbox=\"yes\" data-elementor-lightbox-slideshow=\"b7cd7d2\" data-elementor-lightbox-title=\"IMG_8628\" data-e-action-hash=\"#elementor-action%3Aaction%3Dlightbox%26settings%3DeyJpZCI6MTA3MTAsInVybCI6Imh0dHBzOlwvXC9mZWNjLmVlXC93cC1jb250ZW50XC91cGxvYWRzXC8yMDI1XC8wMVwvSU1HXzg2Mjgtc2NhbGVkLmpwZyIsInNsaWRlc2hvdyI6ImI3Y2Q3ZDIifQ%3D%3D\">\n\t\t\t\t\t<div class=\"e-gallery-image elementor-gallery-item__image\" data-thumbnail=\"https:\/\/fecc.ee\/wp-content\/uploads\/2025\/01\/IMG_8628-768x512.jpg\" data-width=\"768\" data-height=\"512\" aria-label=\"\" role=\"img\" ><\/div>\n\t\t\t\t\t\t\t\t\t\t\t<div class=\"elementor-gallery-item__overlay\"><\/div>\n\t\t\t\t\t\t\t\t\t\t\t\t\t\t<\/a>\n\t\t\t\t\t\t\t<a class=\"e-gallery-item elementor-gallery-item elementor-animated-content\" href=\"https:\/\/fecc.ee\/wp-content\/uploads\/2025\/01\/IMG_8264-scaled.jpg\" data-elementor-open-lightbox=\"yes\" data-elementor-lightbox-slideshow=\"b7cd7d2\" data-elementor-lightbox-title=\"IMG_8264\" data-e-action-hash=\"#elementor-action%3Aaction%3Dlightbox%26settings%3DeyJpZCI6MTA3MDcsInVybCI6Imh0dHBzOlwvXC9mZWNjLmVlXC93cC1jb250ZW50XC91cGxvYWRzXC8yMDI1XC8wMVwvSU1HXzgyNjQtc2NhbGVkLmpwZyIsInNsaWRlc2hvdyI6ImI3Y2Q3ZDIifQ%3D%3D\">\n\t\t\t\t\t<div class=\"e-gallery-image elementor-gallery-item__image\" data-thumbnail=\"https:\/\/fecc.ee\/wp-content\/uploads\/2025\/01\/IMG_8264-768x512.jpg\" data-width=\"768\" data-height=\"512\" aria-label=\"\" role=\"img\" ><\/div>\n\t\t\t\t\t\t\t\t\t\t\t<div class=\"elementor-gallery-item__overlay\"><\/div>\n\t\t\t\t\t\t\t\t\t\t\t\t\t\t<\/a>\n\t\t\t\t\t\t\t<a class=\"e-gallery-item elementor-gallery-item elementor-animated-content\" href=\"https:\/\/fecc.ee\/wp-content\/uploads\/2025\/01\/IMG_8509-scaled.jpg\" data-elementor-open-lightbox=\"yes\" data-elementor-lightbox-slideshow=\"b7cd7d2\" data-elementor-lightbox-title=\"IMG_8509\" data-e-action-hash=\"#elementor-action%3Aaction%3Dlightbox%26settings%3DeyJpZCI6MTA3MDksInVybCI6Imh0dHBzOlwvXC9mZWNjLmVlXC93cC1jb250ZW50XC91cGxvYWRzXC8yMDI1XC8wMVwvSU1HXzg1MDktc2NhbGVkLmpwZyIsInNsaWRlc2hvdyI6ImI3Y2Q3ZDIifQ%3D%3D\">\n\t\t\t\t\t<div class=\"e-gallery-image elementor-gallery-item__image\" data-thumbnail=\"https:\/\/fecc.ee\/wp-content\/uploads\/2025\/01\/IMG_8509-768x1152.jpg\" data-width=\"768\" data-height=\"1152\" aria-label=\"\" role=\"img\" ><\/div>\n\t\t\t\t\t\t\t\t\t\t\t<div class=\"elementor-gallery-item__overlay\"><\/div>\n\t\t\t\t\t\t\t\t\t\t\t\t\t\t<\/a>\n\t\t\t\t\t\t\t<a class=\"e-gallery-item elementor-gallery-item elementor-animated-content\" href=\"https:\/\/fecc.ee\/wp-content\/uploads\/2025\/01\/IMG_8043-scaled.jpg\" data-elementor-open-lightbox=\"yes\" data-elementor-lightbox-slideshow=\"b7cd7d2\" data-elementor-lightbox-title=\"IMG_8043\" data-e-action-hash=\"#elementor-action%3Aaction%3Dlightbox%26settings%3DeyJpZCI6MTA3MDAsInVybCI6Imh0dHBzOlwvXC9mZWNjLmVlXC93cC1jb250ZW50XC91cGxvYWRzXC8yMDI1XC8wMVwvSU1HXzgwNDMtc2NhbGVkLmpwZyIsInNsaWRlc2hvdyI6ImI3Y2Q3ZDIifQ%3D%3D\">\n\t\t\t\t\t<div class=\"e-gallery-image elementor-gallery-item__image\" data-thumbnail=\"https:\/\/fecc.ee\/wp-content\/uploads\/2025\/01\/IMG_8043-768x512.jpg\" data-width=\"768\" data-height=\"512\" aria-label=\"\" role=\"img\" ><\/div>\n\t\t\t\t\t\t\t\t\t\t\t<div class=\"elementor-gallery-item__overlay\"><\/div>\n\t\t\t\t\t\t\t\t\t\t\t\t\t\t<\/a>\n\t\t\t\t\t\t\t<a class=\"e-gallery-item elementor-gallery-item elementor-animated-content\" href=\"https:\/\/fecc.ee\/wp-content\/uploads\/2025\/01\/IMG_8064-scaled.jpg\" data-elementor-open-lightbox=\"yes\" data-elementor-lightbox-slideshow=\"b7cd7d2\" data-elementor-lightbox-title=\"IMG_8064\" data-e-action-hash=\"#elementor-action%3Aaction%3Dlightbox%26settings%3DeyJpZCI6MTA3MDEsInVybCI6Imh0dHBzOlwvXC9mZWNjLmVlXC93cC1jb250ZW50XC91cGxvYWRzXC8yMDI1XC8wMVwvSU1HXzgwNjQtc2NhbGVkLmpwZyIsInNsaWRlc2hvdyI6ImI3Y2Q3ZDIifQ%3D%3D\">\n\t\t\t\t\t<div class=\"e-gallery-image elementor-gallery-item__image\" data-thumbnail=\"https:\/\/fecc.ee\/wp-content\/uploads\/2025\/01\/IMG_8064-768x512.jpg\" data-width=\"768\" data-height=\"512\" aria-label=\"\" role=\"img\" ><\/div>\n\t\t\t\t\t\t\t\t\t\t\t<div class=\"elementor-gallery-item__overlay\"><\/div>\n\t\t\t\t\t\t\t\t\t\t\t\t\t\t<\/a>\n\t\t\t\t\t\t\t<a class=\"e-gallery-item elementor-gallery-item elementor-animated-content\" href=\"https:\/\/fecc.ee\/wp-content\/uploads\/2025\/01\/IMG_8102-scaled.jpg\" data-elementor-open-lightbox=\"yes\" data-elementor-lightbox-slideshow=\"b7cd7d2\" data-elementor-lightbox-title=\"IMG_8102\" data-e-action-hash=\"#elementor-action%3Aaction%3Dlightbox%26settings%3DeyJpZCI6MTA3MDQsInVybCI6Imh0dHBzOlwvXC9mZWNjLmVlXC93cC1jb250ZW50XC91cGxvYWRzXC8yMDI1XC8wMVwvSU1HXzgxMDItc2NhbGVkLmpwZyIsInNsaWRlc2hvdyI6ImI3Y2Q3ZDIifQ%3D%3D\">\n\t\t\t\t\t<div class=\"e-gallery-image elementor-gallery-item__image\" data-thumbnail=\"https:\/\/fecc.ee\/wp-content\/uploads\/2025\/01\/IMG_8102-768x512.jpg\" data-width=\"768\" data-height=\"512\" aria-label=\"\" role=\"img\" ><\/div>\n\t\t\t\t\t\t\t\t\t\t\t<div class=\"elementor-gallery-item__overlay\"><\/div>\n\t\t\t\t\t\t\t\t\t\t\t\t\t\t<\/a>\n\t\t\t\t\t\t\t<a class=\"e-gallery-item elementor-gallery-item elementor-animated-content\" href=\"https:\/\/fecc.ee\/wp-content\/uploads\/2025\/01\/IMG_8277-scaled.jpg\" data-elementor-open-lightbox=\"yes\" data-elementor-lightbox-slideshow=\"b7cd7d2\" data-elementor-lightbox-title=\"IMG_8277\" data-e-action-hash=\"#elementor-action%3Aaction%3Dlightbox%26settings%3DeyJpZCI6MTA3MDgsInVybCI6Imh0dHBzOlwvXC9mZWNjLmVlXC93cC1jb250ZW50XC91cGxvYWRzXC8yMDI1XC8wMVwvSU1HXzgyNzctc2NhbGVkLmpwZyIsInNsaWRlc2hvdyI6ImI3Y2Q3ZDIifQ%3D%3D\">\n\t\t\t\t\t<div class=\"e-gallery-image elementor-gallery-item__image\" data-thumbnail=\"https:\/\/fecc.ee\/wp-content\/uploads\/2025\/01\/IMG_8277-768x512.jpg\" data-width=\"768\" data-height=\"512\" aria-label=\"\" role=\"img\" ><\/div>\n\t\t\t\t\t\t\t\t\t\t\t<div class=\"elementor-gallery-item__overlay\"><\/div>\n\t\t\t\t\t\t\t\t\t\t\t\t\t\t<\/a>\n\t\t\t\t\t\t\t<a class=\"e-gallery-item elementor-gallery-item elementor-animated-content\" href=\"https:\/\/fecc.ee\/wp-content\/uploads\/2025\/01\/IMG_8155-scaled.jpg\" data-elementor-open-lightbox=\"yes\" data-elementor-lightbox-slideshow=\"b7cd7d2\" data-elementor-lightbox-title=\"IMG_8155\" data-e-action-hash=\"#elementor-action%3Aaction%3Dlightbox%26settings%3DeyJpZCI6MTA3MDUsInVybCI6Imh0dHBzOlwvXC9mZWNjLmVlXC93cC1jb250ZW50XC91cGxvYWRzXC8yMDI1XC8wMVwvSU1HXzgxNTUtc2NhbGVkLmpwZyIsInNsaWRlc2hvdyI6ImI3Y2Q3ZDIifQ%3D%3D\">\n\t\t\t\t\t<div class=\"e-gallery-image elementor-gallery-item__image\" data-thumbnail=\"https:\/\/fecc.ee\/wp-content\/uploads\/2025\/01\/IMG_8155-768x512.jpg\" data-width=\"768\" data-height=\"512\" aria-label=\"\" role=\"img\" ><\/div>\n\t\t\t\t\t\t\t\t\t\t\t<div class=\"elementor-gallery-item__overlay\"><\/div>\n\t\t\t\t\t\t\t\t\t\t\t\t\t\t<\/a>\n\t\t\t\t\t<\/div>\n\t\t\t\t\t<\/div>\n\t\t\t\t\t<\/div>\n\t\t\t\t<\/div>\n\t\t\t\t<\/div>","protected":false},"excerpt":{"rendered":"<p>K\u00e4isime hiljuti P\u00e4\u00e4sk\u00fcla rabas laternamatkal, mis osutus v\u00e4ga meeleolukaks ja meeldej\u00e4\u00e4vaks kogemuseks. Matk kulges l\u00e4bi p\u00f5nevate radade ja pakkus v\u00f5imalust avastada looduse ilu pimedas metsaaluses laternavalguse saatel. Kuigi maastik n\u00f5udis tublisti jalalihaste&#8230;<\/p>","protected":false},"author":3,"featured_media":10711,"comment_status":"closed","ping_status":"open","sticky":false,"template":"","format":"standard","meta":{"_acf_changed":false,"footnotes":""},"categories":[111],"tags":[],"class_list":["post-24386","post","type-post","status-publish","format-standard","has-post-thumbnail","hentry","category-toimunud-syndmused"],"acf":[],"yoast_head":"<!-- This site is optimized with the Yoast SEO plugin v27.4 - https:\/\/yoast.com\/product\/yoast-seo-wordpress\/ -->\n<title>22.01.2025 Laternamatk P\u00e4\u00e4sk\u00fcla rabas | Soome-Eesti Kaubanduskoda<\/title>\n<meta name=\"robots\" content=\"index, follow, max-snippet:-1, max-image-preview:large, max-video-preview:-1\" \/>\n<link rel=\"canonical\" href=\"https:\/\/fecc.ee\/fi\/22-01-2025-laternamatk-paaskula-rabas\/\" \/>\n<meta property=\"og:locale\" content=\"fi_FI\" \/>\n<meta property=\"og:type\" content=\"article\" \/>\n<meta property=\"og:title\" content=\"22.01.2025 Laternamatk P\u00e4\u00e4sk\u00fcla rabas | Soome-Eesti Kaubanduskoda\" \/>\n<meta property=\"og:description\" content=\"K\u00e4isime hiljuti P\u00e4\u00e4sk\u00fcla rabas laternamatkal, mis osutus v\u00e4ga meeleolukaks ja meeldej\u00e4\u00e4vaks kogemuseks. Matk kulges l\u00e4bi p\u00f5nevate radade ja pakkus v\u00f5imalust avastada looduse ilu pimedas metsaaluses laternavalguse saatel. Kuigi maastik n\u00f5udis tublisti jalalihaste...\" \/>\n<meta property=\"og:url\" content=\"https:\/\/fecc.ee\/fi\/22-01-2025-laternamatk-paaskula-rabas\/\" \/>\n<meta property=\"og:site_name\" content=\"Soome-Eesti Kaubanduskoda\" \/>\n<meta property=\"article:publisher\" content=\"https:\/\/www.facebook.com\/fecc.soomeeesti\/\" \/>\n<meta property=\"article:published_time\" content=\"2025-01-23T10:59:58+00:00\" \/>\n<meta property=\"article:modified_time\" content=\"2026-03-29T17:18:14+00:00\" \/>\n<meta property=\"og:image\" content=\"https:\/\/fecc.ee\/wp-content\/uploads\/2025\/01\/IMG_8646-scaled.jpg\" \/>\n\t<meta property=\"og:image:width\" content=\"2560\" \/>\n\t<meta property=\"og:image:height\" content=\"1707\" \/>\n\t<meta property=\"og:image:type\" content=\"image\/jpeg\" \/>\n<meta name=\"author\" content=\"Jasmin Mursula\" \/>\n<meta name=\"twitter:card\" content=\"summary_large_image\" \/>\n<meta name=\"twitter:label1\" content=\"Kirjoittanut\" \/>\n\t<meta name=\"twitter:data1\" content=\"Jasmin Mursula\" \/>\n\t<meta name=\"twitter:label2\" content=\"Arvioitu lukuaika\" \/>\n\t<meta name=\"twitter:data2\" content=\"1 minuutti\" \/>\n<script type=\"application\/ld+json\" class=\"yoast-schema-graph\">{\"@context\":\"https:\\\/\\\/schema.org\",\"@graph\":[{\"@type\":\"Article\",\"@id\":\"https:\\\/\\\/fecc.ee\\\/22-01-2025-laternamatk-paaskula-rabas\\\/#article\",\"isPartOf\":{\"@id\":\"https:\\\/\\\/fecc.ee\\\/22-01-2025-laternamatk-paaskula-rabas\\\/\"},\"author\":{\"name\":\"Jasmin Mursula\",\"@id\":\"https:\\\/\\\/fecc.ee\\\/#\\\/schema\\\/person\\\/dfcce5953472ec5912e66be711f4e756\"},\"headline\":\"22.01.2025 Laternamatk P\u00e4\u00e4sk\u00fcla rabas\",\"datePublished\":\"2025-01-23T10:59:58+00:00\",\"dateModified\":\"2026-03-29T17:18:14+00:00\",\"mainEntityOfPage\":{\"@id\":\"https:\\\/\\\/fecc.ee\\\/22-01-2025-laternamatk-paaskula-rabas\\\/\"},\"wordCount\":146,\"publisher\":{\"@id\":\"https:\\\/\\\/fecc.ee\\\/#organization\"},\"image\":{\"@id\":\"https:\\\/\\\/fecc.ee\\\/22-01-2025-laternamatk-paaskula-rabas\\\/#primaryimage\"},\"thumbnailUrl\":\"https:\\\/\\\/fecc.ee\\\/wp-content\\\/uploads\\\/2025\\\/01\\\/IMG_8646-scaled.jpg\",\"articleSection\":[\"toimunud s\u00fcndmused\"],\"inLanguage\":\"fi\"},{\"@type\":\"WebPage\",\"@id\":\"https:\\\/\\\/fecc.ee\\\/22-01-2025-laternamatk-paaskula-rabas\\\/\",\"url\":\"https:\\\/\\\/fecc.ee\\\/22-01-2025-laternamatk-paaskula-rabas\\\/\",\"name\":\"22.01.2025 Laternamatk P\u00e4\u00e4sk\u00fcla rabas | Soome-Eesti Kaubanduskoda\",\"isPartOf\":{\"@id\":\"https:\\\/\\\/fecc.ee\\\/#website\"},\"primaryImageOfPage\":{\"@id\":\"https:\\\/\\\/fecc.ee\\\/22-01-2025-laternamatk-paaskula-rabas\\\/#primaryimage\"},\"image\":{\"@id\":\"https:\\\/\\\/fecc.ee\\\/22-01-2025-laternamatk-paaskula-rabas\\\/#primaryimage\"},\"thumbnailUrl\":\"https:\\\/\\\/fecc.ee\\\/wp-content\\\/uploads\\\/2025\\\/01\\\/IMG_8646-scaled.jpg\",\"datePublished\":\"2025-01-23T10:59:58+00:00\",\"dateModified\":\"2026-03-29T17:18:14+00:00\",\"breadcrumb\":{\"@id\":\"https:\\\/\\\/fecc.ee\\\/22-01-2025-laternamatk-paaskula-rabas\\\/#breadcrumb\"},\"inLanguage\":\"fi\",\"potentialAction\":[{\"@type\":\"ReadAction\",\"target\":[\"https:\\\/\\\/fecc.ee\\\/22-01-2025-laternamatk-paaskula-rabas\\\/\"]}]},{\"@type\":\"ImageObject\",\"inLanguage\":\"fi\",\"@id\":\"https:\\\/\\\/fecc.ee\\\/22-01-2025-laternamatk-paaskula-rabas\\\/#primaryimage\",\"url\":\"https:\\\/\\\/fecc.ee\\\/wp-content\\\/uploads\\\/2025\\\/01\\\/IMG_8646-scaled.jpg\",\"contentUrl\":\"https:\\\/\\\/fecc.ee\\\/wp-content\\\/uploads\\\/2025\\\/01\\\/IMG_8646-scaled.jpg\",\"width\":2560,\"height\":1707},{\"@type\":\"BreadcrumbList\",\"@id\":\"https:\\\/\\\/fecc.ee\\\/22-01-2025-laternamatk-paaskula-rabas\\\/#breadcrumb\",\"itemListElement\":[{\"@type\":\"ListItem\",\"position\":1,\"name\":\"Home\",\"item\":\"https:\\\/\\\/fecc.ee\\\/\"},{\"@type\":\"ListItem\",\"position\":2,\"name\":\"22.01.2025 Laternamatk P\u00e4\u00e4sk\u00fcla rabas\"}]},{\"@type\":\"WebSite\",\"@id\":\"https:\\\/\\\/fecc.ee\\\/#website\",\"url\":\"https:\\\/\\\/fecc.ee\\\/\",\"name\":\"Soome-Eesti Kaubanduskoda\",\"description\":\"Tere tulemast Soome-Eesti kaubanduskoja kodulehek\u00fcljele. Oleme suurim rahvusvaheline kaubanduskoda Eestis.\",\"publisher\":{\"@id\":\"https:\\\/\\\/fecc.ee\\\/#organization\"},\"potentialAction\":[{\"@type\":\"SearchAction\",\"target\":{\"@type\":\"EntryPoint\",\"urlTemplate\":\"https:\\\/\\\/fecc.ee\\\/?s={search_term_string}\"},\"query-input\":{\"@type\":\"PropertyValueSpecification\",\"valueRequired\":true,\"valueName\":\"search_term_string\"}}],\"inLanguage\":\"fi\"},{\"@type\":\"Organization\",\"@id\":\"https:\\\/\\\/fecc.ee\\\/#organization\",\"name\":\"Soome-Eesti Kaubanduskoda\",\"url\":\"https:\\\/\\\/fecc.ee\\\/\",\"logo\":{\"@type\":\"ImageObject\",\"inLanguage\":\"fi\",\"@id\":\"https:\\\/\\\/fecc.ee\\\/#\\\/schema\\\/logo\\\/image\\\/\",\"url\":\"https:\\\/\\\/fecc.ee\\\/wp-content\\\/uploads\\\/2025\\\/06\\\/FECC_Logo-1.png\",\"contentUrl\":\"https:\\\/\\\/fecc.ee\\\/wp-content\\\/uploads\\\/2025\\\/06\\\/FECC_Logo-1.png\",\"width\":944,\"height\":292,\"caption\":\"Soome-Eesti Kaubanduskoda\"},\"image\":{\"@id\":\"https:\\\/\\\/fecc.ee\\\/#\\\/schema\\\/logo\\\/image\\\/\"},\"sameAs\":[\"https:\\\/\\\/www.facebook.com\\\/fecc.soomeeesti\\\/\",\"https:\\\/\\\/www.linkedin.com\\\/company\\\/fecc-finnish-estonian-chamber-of-commerce\\\/\"]},{\"@type\":\"Person\",\"@id\":\"https:\\\/\\\/fecc.ee\\\/#\\\/schema\\\/person\\\/dfcce5953472ec5912e66be711f4e756\",\"name\":\"Jasmin Mursula\",\"image\":{\"@type\":\"ImageObject\",\"inLanguage\":\"fi\",\"@id\":\"https:\\\/\\\/secure.gravatar.com\\\/avatar\\\/62a3bdb1b9e7893a74e26b48896fd382ddb4a123448790f8cb8f175dad687780?s=96&d=mm&r=g\",\"url\":\"https:\\\/\\\/secure.gravatar.com\\\/avatar\\\/62a3bdb1b9e7893a74e26b48896fd382ddb4a123448790f8cb8f175dad687780?s=96&d=mm&r=g\",\"contentUrl\":\"https:\\\/\\\/secure.gravatar.com\\\/avatar\\\/62a3bdb1b9e7893a74e26b48896fd382ddb4a123448790f8cb8f175dad687780?s=96&d=mm&r=g\",\"caption\":\"Jasmin Mursula\"},\"url\":\"https:\\\/\\\/fecc.ee\\\/fi\\\/author\\\/fecc\\\/\"}]}<\/script>\n<!-- \/ Yoast SEO plugin. -->","yoast_head_json":{"title":"22.01.2025 Laternamatk P\u00e4\u00e4sk\u00fcla rabas | Soome-Eesti Kaubanduskoda","robots":{"index":"index","follow":"follow","max-snippet":"max-snippet:-1","max-image-preview":"max-image-preview:large","max-video-preview":"max-video-preview:-1"},"canonical":"https:\/\/fecc.ee\/fi\/22-01-2025-laternamatk-paaskula-rabas\/","og_locale":"fi_FI","og_type":"article","og_title":"22.01.2025 Laternamatk P\u00e4\u00e4sk\u00fcla rabas | Soome-Eesti Kaubanduskoda","og_description":"K\u00e4isime hiljuti P\u00e4\u00e4sk\u00fcla rabas laternamatkal, mis osutus v\u00e4ga meeleolukaks ja meeldej\u00e4\u00e4vaks kogemuseks. Matk kulges l\u00e4bi p\u00f5nevate radade ja pakkus v\u00f5imalust avastada looduse ilu pimedas metsaaluses laternavalguse saatel. Kuigi maastik n\u00f5udis tublisti jalalihaste...","og_url":"https:\/\/fecc.ee\/fi\/22-01-2025-laternamatk-paaskula-rabas\/","og_site_name":"Soome-Eesti Kaubanduskoda","article_publisher":"https:\/\/www.facebook.com\/fecc.soomeeesti\/","article_published_time":"2025-01-23T10:59:58+00:00","article_modified_time":"2026-03-29T17:18:14+00:00","og_image":[{"width":2560,"height":1707,"url":"https:\/\/fecc.ee\/wp-content\/uploads\/2025\/01\/IMG_8646-scaled.jpg","type":"image\/jpeg"}],"author":"Jasmin Mursula","twitter_card":"summary_large_image","twitter_misc":{"Kirjoittanut":"Jasmin Mursula","Arvioitu lukuaika":"1 minuutti"},"schema":{"@context":"https:\/\/schema.org","@graph":[{"@type":"Article","@id":"https:\/\/fecc.ee\/22-01-2025-laternamatk-paaskula-rabas\/#article","isPartOf":{"@id":"https:\/\/fecc.ee\/22-01-2025-laternamatk-paaskula-rabas\/"},"author":{"name":"Jasmin Mursula","@id":"https:\/\/fecc.ee\/#\/schema\/person\/dfcce5953472ec5912e66be711f4e756"},"headline":"22.01.2025 Laternamatk P\u00e4\u00e4sk\u00fcla rabas","datePublished":"2025-01-23T10:59:58+00:00","dateModified":"2026-03-29T17:18:14+00:00","mainEntityOfPage":{"@id":"https:\/\/fecc.ee\/22-01-2025-laternamatk-paaskula-rabas\/"},"wordCount":146,"publisher":{"@id":"https:\/\/fecc.ee\/#organization"},"image":{"@id":"https:\/\/fecc.ee\/22-01-2025-laternamatk-paaskula-rabas\/#primaryimage"},"thumbnailUrl":"https:\/\/fecc.ee\/wp-content\/uploads\/2025\/01\/IMG_8646-scaled.jpg","articleSection":["toimunud s\u00fcndmused"],"inLanguage":"fi"},{"@type":"WebPage","@id":"https:\/\/fecc.ee\/22-01-2025-laternamatk-paaskula-rabas\/","url":"https:\/\/fecc.ee\/22-01-2025-laternamatk-paaskula-rabas\/","name":"22.01.2025 Laternamatk P\u00e4\u00e4sk\u00fcla rabas | Soome-Eesti Kaubanduskoda","isPartOf":{"@id":"https:\/\/fecc.ee\/#website"},"primaryImageOfPage":{"@id":"https:\/\/fecc.ee\/22-01-2025-laternamatk-paaskula-rabas\/#primaryimage"},"image":{"@id":"https:\/\/fecc.ee\/22-01-2025-laternamatk-paaskula-rabas\/#primaryimage"},"thumbnailUrl":"https:\/\/fecc.ee\/wp-content\/uploads\/2025\/01\/IMG_8646-scaled.jpg","datePublished":"2025-01-23T10:59:58+00:00","dateModified":"2026-03-29T17:18:14+00:00","breadcrumb":{"@id":"https:\/\/fecc.ee\/22-01-2025-laternamatk-paaskula-rabas\/#breadcrumb"},"inLanguage":"fi","potentialAction":[{"@type":"ReadAction","target":["https:\/\/fecc.ee\/22-01-2025-laternamatk-paaskula-rabas\/"]}]},{"@type":"ImageObject","inLanguage":"fi","@id":"https:\/\/fecc.ee\/22-01-2025-laternamatk-paaskula-rabas\/#primaryimage","url":"https:\/\/fecc.ee\/wp-content\/uploads\/2025\/01\/IMG_8646-scaled.jpg","contentUrl":"https:\/\/fecc.ee\/wp-content\/uploads\/2025\/01\/IMG_8646-scaled.jpg","width":2560,"height":1707},{"@type":"BreadcrumbList","@id":"https:\/\/fecc.ee\/22-01-2025-laternamatk-paaskula-rabas\/#breadcrumb","itemListElement":[{"@type":"ListItem","position":1,"name":"Home","item":"https:\/\/fecc.ee\/"},{"@type":"ListItem","position":2,"name":"22.01.2025 Laternamatk P\u00e4\u00e4sk\u00fcla rabas"}]},{"@type":"WebSite","@id":"https:\/\/fecc.ee\/#website","url":"https:\/\/fecc.ee\/","name":"Suomalais-Virolainen Kauppakamari","description":"Tere tulemast Soome-Eesti kaubanduskoja kodulehek\u00fcljele. Oleme suurim rahvusvaheline kaubanduskoda Eestis.","publisher":{"@id":"https:\/\/fecc.ee\/#organization"},"potentialAction":[{"@type":"SearchAction","target":{"@type":"EntryPoint","urlTemplate":"https:\/\/fecc.ee\/?s={search_term_string}"},"query-input":{"@type":"PropertyValueSpecification","valueRequired":true,"valueName":"search_term_string"}}],"inLanguage":"fi"},{"@type":"Organization","@id":"https:\/\/fecc.ee\/#organization","name":"Suomalais-Virolainen Kauppakamari","url":"https:\/\/fecc.ee\/","logo":{"@type":"ImageObject","inLanguage":"fi","@id":"https:\/\/fecc.ee\/#\/schema\/logo\/image\/","url":"https:\/\/fecc.ee\/wp-content\/uploads\/2025\/06\/FECC_Logo-1.png","contentUrl":"https:\/\/fecc.ee\/wp-content\/uploads\/2025\/06\/FECC_Logo-1.png","width":944,"height":292,"caption":"Soome-Eesti Kaubanduskoda"},"image":{"@id":"https:\/\/fecc.ee\/#\/schema\/logo\/image\/"},"sameAs":["https:\/\/www.facebook.com\/fecc.soomeeesti\/","https:\/\/www.linkedin.com\/company\/fecc-finnish-estonian-chamber-of-commerce\/"]},{"@type":"Person","@id":"https:\/\/fecc.ee\/#\/schema\/person\/dfcce5953472ec5912e66be711f4e756","name":"Jasmin Mursula","image":{"@type":"ImageObject","inLanguage":"fi","@id":"https:\/\/secure.gravatar.com\/avatar\/62a3bdb1b9e7893a74e26b48896fd382ddb4a123448790f8cb8f175dad687780?s=96&d=mm&r=g","url":"https:\/\/secure.gravatar.com\/avatar\/62a3bdb1b9e7893a74e26b48896fd382ddb4a123448790f8cb8f175dad687780?s=96&d=mm&r=g","contentUrl":"https:\/\/secure.gravatar.com\/avatar\/62a3bdb1b9e7893a74e26b48896fd382ddb4a123448790f8cb8f175dad687780?s=96&d=mm&r=g","caption":"Jasmin Mursula"},"url":"https:\/\/fecc.ee\/fi\/author\/fecc\/"}]}},"_links":{"self":[{"href":"https:\/\/fecc.ee\/fi\/wp-json\/wp\/v2\/posts\/24386","targetHints":{"allow":["GET"]}}],"collection":[{"href":"https:\/\/fecc.ee\/fi\/wp-json\/wp\/v2\/posts"}],"about":[{"href":"https:\/\/fecc.ee\/fi\/wp-json\/wp\/v2\/types\/post"}],"author":[{"embeddable":true,"href":"https:\/\/fecc.ee\/fi\/wp-json\/wp\/v2\/users\/3"}],"replies":[{"embeddable":true,"href":"https:\/\/fecc.ee\/fi\/wp-json\/wp\/v2\/comments?post=24386"}],"version-history":[{"count":5,"href":"https:\/\/fecc.ee\/fi\/wp-json\/wp\/v2\/posts\/24386\/revisions"}],"predecessor-version":[{"id":26377,"href":"https:\/\/fecc.ee\/fi\/wp-json\/wp\/v2\/posts\/24386\/revisions\/26377"}],"wp:featuredmedia":[{"embeddable":true,"href":"https:\/\/fecc.ee\/fi\/wp-json\/wp\/v2\/media\/10711"}],"wp:attachment":[{"href":"https:\/\/fecc.ee\/fi\/wp-json\/wp\/v2\/media?parent=24386"}],"wp:term":[{"taxonomy":"category","embeddable":true,"href":"https:\/\/fecc.ee\/fi\/wp-json\/wp\/v2\/categories?post=24386"},{"taxonomy":"post_tag","embeddable":true,"href":"https:\/\/fecc.ee\/fi\/wp-json\/wp\/v2\/tags?post=24386"}],"curies":[{"name":"wp","href":"https:\/\/api.w.org\/{rel}","templated":true}]}}