{"id":24498,"date":"2025-02-18T12:44:50","date_gmt":"2025-02-18T10:44:50","guid":{"rendered":"https:\/\/fecc.ee\/?p=24498"},"modified":"2026-03-29T19:16:25","modified_gmt":"2026-03-29T17:16:25","slug":"17-02-2025-soome-eesti-kaubanduskoja-liikmete-uldkoosolek","status":"publish","type":"post","link":"https:\/\/fecc.ee\/fi\/17-02-2025-soome-eesti-kaubanduskoja-liikmete-uldkoosolek\/","title":{"rendered":"17.2.2025 Suomalais-Virolaisen Kauppakamarin yleiskokous"},"content":{"rendered":"<div data-elementor-type=\"wp-post\" data-elementor-id=\"24498\" class=\"elementor elementor-24498\" data-elementor-post-type=\"post\">\n\t\t\t\t<div class=\"elementor-element elementor-element-4e80999d e-flex e-con-boxed e-con e-parent\" data-id=\"4e80999d\" data-element_type=\"container\" data-e-type=\"container\">\n\t\t\t\t\t<div class=\"e-con-inner\">\n\t\t\t\t<div class=\"elementor-element elementor-element-36a2555 elementor-widget elementor-widget-text-editor\" data-id=\"36a2555\" data-element_type=\"widget\" data-e-type=\"widget\" data-widget_type=\"text-editor.default\">\n\t\t\t\t\t\t\t\t\t<p>Soome-Eesti Kaubanduskoda korraldas aastakoosoleku oma liikme Sokos Hotel Viru juures.<br \/>Suursaadik Vesa Vasara jagas kohtumise alguses m\u00f5tteid Soome ja Eesti suhetest, koost\u00f6\u00f6st ja julgeolukust. Kaubanduskojale valiti ka uus juhatus!<\/p><p>T\u00e4name aktiivse osalemise eest k\u00f5ikidele liikmetele aastakoosolekul &amp; edu uuele juhatusele!<\/p><p><strong>Uus juhatus<\/strong> \u2b50\ufe0f<\/p><p>Martin Ilumets<br \/>Ilkka Alarotu<br \/>Mika Sucksdorff<br \/>Heikki M\u00e4ki<br \/>Johanna Vironm\u00e4ki<br \/>Esko Aura<br \/>Cristian Kalve<br \/>Urmas Kiik<br \/>Koldits Tonu<br \/>V\u00e4ino Reintamm<br \/>Anu Nigul<\/p><p><strong>Asjatundjaliikmetena j\u00e4tkavad<\/strong> \u2b50\ufe0f<\/p><p>Pilvi H\u00e4m\u00e4l\u00e4inen \u2013 EIS &amp; Invest in Estonia<br \/>Rachel Juudas \u2013 Embassy of Finland in Tallinn<\/p>\t\t\t\t\t\t\t\t<\/div>\n\t\t\t\t<div class=\"elementor-element elementor-element-0e611ed elementor-widget elementor-widget-gallery\" data-id=\"0e611ed\" data-element_type=\"widget\" data-e-type=\"widget\" data-settings=\"{&quot;gallery_layout&quot;:&quot;justified&quot;,&quot;ideal_row_height&quot;:{&quot;unit&quot;:&quot;px&quot;,&quot;size&quot;:160,&quot;sizes&quot;:[]},&quot;gap&quot;:{&quot;unit&quot;:&quot;px&quot;,&quot;size&quot;:16,&quot;sizes&quot;:[]},&quot;lazyload&quot;:&quot;yes&quot;,&quot;ideal_row_height_tablet&quot;:{&quot;unit&quot;:&quot;px&quot;,&quot;size&quot;:150,&quot;sizes&quot;:[]},&quot;ideal_row_height_mobile&quot;:{&quot;unit&quot;:&quot;px&quot;,&quot;size&quot;:150,&quot;sizes&quot;:[]},&quot;gap_tablet&quot;:{&quot;unit&quot;:&quot;px&quot;,&quot;size&quot;:10,&quot;sizes&quot;:[]},&quot;gap_mobile&quot;:{&quot;unit&quot;:&quot;px&quot;,&quot;size&quot;:10,&quot;sizes&quot;:[]},&quot;link_to&quot;:&quot;file&quot;,&quot;overlay_background&quot;:&quot;yes&quot;,&quot;content_hover_animation&quot;:&quot;fade-in&quot;}\" data-widget_type=\"gallery.default\">\n\t\t\t\t\t\t\t<div class=\"elementor-gallery__container\">\n\t\t\t\t\t\t\t<a class=\"e-gallery-item elementor-gallery-item elementor-animated-content\" href=\"https:\/\/fecc.ee\/wp-content\/uploads\/2025\/02\/321A8270-scaled.jpg\" data-elementor-open-lightbox=\"yes\" data-elementor-lightbox-slideshow=\"0e611ed\" data-elementor-lightbox-title=\"321A8270\" data-e-action-hash=\"#elementor-action%3Aaction%3Dlightbox%26settings%3DeyJpZCI6MTA3MTksInVybCI6Imh0dHBzOlwvXC9mZWNjLmVlXC93cC1jb250ZW50XC91cGxvYWRzXC8yMDI1XC8wMlwvMzIxQTgyNzAtc2NhbGVkLmpwZyIsInNsaWRlc2hvdyI6IjBlNjExZWQifQ%3D%3D\">\n\t\t\t\t\t<div class=\"e-gallery-image elementor-gallery-item__image\" data-thumbnail=\"https:\/\/fecc.ee\/wp-content\/uploads\/2025\/02\/321A8270-768x512.jpg\" data-width=\"768\" data-height=\"512\" aria-label=\"\" role=\"img\" ><\/div>\n\t\t\t\t\t\t\t\t\t\t\t<div class=\"elementor-gallery-item__overlay\"><\/div>\n\t\t\t\t\t\t\t\t\t\t\t\t\t\t<\/a>\n\t\t\t\t\t\t\t<a class=\"e-gallery-item elementor-gallery-item elementor-animated-content\" href=\"https:\/\/fecc.ee\/wp-content\/uploads\/2025\/02\/321A8356-scaled.jpg\" data-elementor-open-lightbox=\"yes\" data-elementor-lightbox-slideshow=\"0e611ed\" data-elementor-lightbox-title=\"321A8356\" data-e-action-hash=\"#elementor-action%3Aaction%3Dlightbox%26settings%3DeyJpZCI6MTA3MjAsInVybCI6Imh0dHBzOlwvXC9mZWNjLmVlXC93cC1jb250ZW50XC91cGxvYWRzXC8yMDI1XC8wMlwvMzIxQTgzNTYtc2NhbGVkLmpwZyIsInNsaWRlc2hvdyI6IjBlNjExZWQifQ%3D%3D\">\n\t\t\t\t\t<div class=\"e-gallery-image elementor-gallery-item__image\" data-thumbnail=\"https:\/\/fecc.ee\/wp-content\/uploads\/2025\/02\/321A8356-768x512.jpg\" data-width=\"768\" data-height=\"512\" aria-label=\"\" role=\"img\" ><\/div>\n\t\t\t\t\t\t\t\t\t\t\t<div class=\"elementor-gallery-item__overlay\"><\/div>\n\t\t\t\t\t\t\t\t\t\t\t\t\t\t<\/a>\n\t\t\t\t\t\t\t<a class=\"e-gallery-item elementor-gallery-item elementor-animated-content\" href=\"https:\/\/fecc.ee\/wp-content\/uploads\/2025\/02\/Picture1.png\" data-elementor-open-lightbox=\"yes\" data-elementor-lightbox-slideshow=\"0e611ed\" data-elementor-lightbox-title=\"Picture1\" data-e-action-hash=\"#elementor-action%3Aaction%3Dlightbox%26settings%3DeyJpZCI6MTA3MzMsInVybCI6Imh0dHBzOlwvXC9mZWNjLmVlXC93cC1jb250ZW50XC91cGxvYWRzXC8yMDI1XC8wMlwvUGljdHVyZTEucG5nIiwic2xpZGVzaG93IjoiMGU2MTFlZCJ9\">\n\t\t\t\t\t<div class=\"e-gallery-image elementor-gallery-item__image\" data-thumbnail=\"https:\/\/fecc.ee\/wp-content\/uploads\/2025\/02\/Picture1.png\" data-width=\"576\" data-height=\"367\" aria-label=\"\" role=\"img\" ><\/div>\n\t\t\t\t\t\t\t\t\t\t\t<div class=\"elementor-gallery-item__overlay\"><\/div>\n\t\t\t\t\t\t\t\t\t\t\t\t\t\t<\/a>\n\t\t\t\t\t<\/div>\n\t\t\t\t\t<\/div>\n\t\t\t\t\t<\/div>\n\t\t\t\t<\/div>\n\t\t\t\t<\/div>","protected":false},"excerpt":{"rendered":"<p>Soome-Eesti Kaubanduskoda korraldas aastakoosoleku oma liikme Sokos Hotel Viru juures. Suursaadik Vesa Vasara jagas kohtumise alguses m\u00f5tteid Soome ja Eesti suhetest, koost\u00f6\u00f6st ja julgeolukust. Kaubanduskojale valiti ka uus juhatus! T\u00e4name aktiivse osalemise eest&#8230;<\/p>","protected":false},"author":3,"featured_media":10730,"comment_status":"closed","ping_status":"open","sticky":false,"template":"","format":"standard","meta":{"_acf_changed":false,"footnotes":""},"categories":[111],"tags":[],"class_list":["post-24498","post","type-post","status-publish","format-standard","has-post-thumbnail","hentry","category-toimunud-syndmused"],"acf":[],"yoast_head":"<!-- This site is optimized with the Yoast SEO plugin v27.4 - https:\/\/yoast.com\/product\/yoast-seo-wordpress\/ -->\n<title>17.02.2025 Soome-Eesti Kaubanduskoja liikmete \u00fcldkoosolek | Soome-Eesti Kaubanduskoda<\/title>\n<meta name=\"robots\" content=\"index, follow, max-snippet:-1, max-image-preview:large, max-video-preview:-1\" \/>\n<link rel=\"canonical\" href=\"https:\/\/fecc.ee\/fi\/17-02-2025-soome-eesti-kaubanduskoja-liikmete-uldkoosolek\/\" \/>\n<meta property=\"og:locale\" content=\"fi_FI\" \/>\n<meta property=\"og:type\" content=\"article\" \/>\n<meta property=\"og:title\" content=\"17.02.2025 Soome-Eesti Kaubanduskoja liikmete \u00fcldkoosolek | Soome-Eesti Kaubanduskoda\" \/>\n<meta property=\"og:description\" content=\"Soome-Eesti Kaubanduskoda korraldas aastakoosoleku oma liikme Sokos Hotel Viru juures. Suursaadik Vesa Vasara jagas kohtumise alguses m\u00f5tteid Soome ja Eesti suhetest, koost\u00f6\u00f6st ja julgeolukust. Kaubanduskojale valiti ka uus juhatus! T\u00e4name aktiivse osalemise eest...\" \/>\n<meta property=\"og:url\" content=\"https:\/\/fecc.ee\/fi\/17-02-2025-soome-eesti-kaubanduskoja-liikmete-uldkoosolek\/\" \/>\n<meta property=\"og:site_name\" content=\"Soome-Eesti Kaubanduskoda\" \/>\n<meta property=\"article:publisher\" content=\"https:\/\/www.facebook.com\/fecc.soomeeesti\/\" \/>\n<meta property=\"article:published_time\" content=\"2025-02-18T10:44:50+00:00\" \/>\n<meta property=\"article:modified_time\" content=\"2026-03-29T17:16:25+00:00\" \/>\n<meta property=\"og:image\" content=\"https:\/\/fecc.ee\/wp-content\/uploads\/2025\/02\/Juhatus25-26.jpeg\" \/>\n\t<meta property=\"og:image:width\" content=\"1600\" \/>\n\t<meta property=\"og:image:height\" content=\"756\" \/>\n\t<meta property=\"og:image:type\" content=\"image\/jpeg\" \/>\n<meta name=\"author\" content=\"Jasmin Mursula\" \/>\n<meta name=\"twitter:card\" content=\"summary_large_image\" \/>\n<meta name=\"twitter:label1\" content=\"Kirjoittanut\" \/>\n\t<meta name=\"twitter:data1\" content=\"Jasmin Mursula\" \/>\n\t<meta name=\"twitter:label2\" content=\"Arvioitu lukuaika\" \/>\n\t<meta name=\"twitter:data2\" content=\"1 minuutti\" \/>\n<script type=\"application\/ld+json\" class=\"yoast-schema-graph\">{\"@context\":\"https:\\\/\\\/schema.org\",\"@graph\":[{\"@type\":\"Article\",\"@id\":\"https:\\\/\\\/fecc.ee\\\/17-02-2025-soome-eesti-kaubanduskoja-liikmete-uldkoosolek\\\/#article\",\"isPartOf\":{\"@id\":\"https:\\\/\\\/fecc.ee\\\/17-02-2025-soome-eesti-kaubanduskoja-liikmete-uldkoosolek\\\/\"},\"author\":{\"name\":\"Jasmin Mursula\",\"@id\":\"https:\\\/\\\/fecc.ee\\\/#\\\/schema\\\/person\\\/dfcce5953472ec5912e66be711f4e756\"},\"headline\":\"17.02.2025 Soome-Eesti Kaubanduskoja liikmete \u00fcldkoosolek\",\"datePublished\":\"2025-02-18T10:44:50+00:00\",\"dateModified\":\"2026-03-29T17:16:25+00:00\",\"mainEntityOfPage\":{\"@id\":\"https:\\\/\\\/fecc.ee\\\/17-02-2025-soome-eesti-kaubanduskoja-liikmete-uldkoosolek\\\/\"},\"wordCount\":84,\"publisher\":{\"@id\":\"https:\\\/\\\/fecc.ee\\\/#organization\"},\"image\":{\"@id\":\"https:\\\/\\\/fecc.ee\\\/17-02-2025-soome-eesti-kaubanduskoja-liikmete-uldkoosolek\\\/#primaryimage\"},\"thumbnailUrl\":\"https:\\\/\\\/fecc.ee\\\/wp-content\\\/uploads\\\/2025\\\/02\\\/Juhatus25-26.jpeg\",\"articleSection\":[\"toimunud s\u00fcndmused\"],\"inLanguage\":\"fi\"},{\"@type\":\"WebPage\",\"@id\":\"https:\\\/\\\/fecc.ee\\\/17-02-2025-soome-eesti-kaubanduskoja-liikmete-uldkoosolek\\\/\",\"url\":\"https:\\\/\\\/fecc.ee\\\/17-02-2025-soome-eesti-kaubanduskoja-liikmete-uldkoosolek\\\/\",\"name\":\"17.02.2025 Soome-Eesti Kaubanduskoja liikmete \u00fcldkoosolek | Soome-Eesti Kaubanduskoda\",\"isPartOf\":{\"@id\":\"https:\\\/\\\/fecc.ee\\\/#website\"},\"primaryImageOfPage\":{\"@id\":\"https:\\\/\\\/fecc.ee\\\/17-02-2025-soome-eesti-kaubanduskoja-liikmete-uldkoosolek\\\/#primaryimage\"},\"image\":{\"@id\":\"https:\\\/\\\/fecc.ee\\\/17-02-2025-soome-eesti-kaubanduskoja-liikmete-uldkoosolek\\\/#primaryimage\"},\"thumbnailUrl\":\"https:\\\/\\\/fecc.ee\\\/wp-content\\\/uploads\\\/2025\\\/02\\\/Juhatus25-26.jpeg\",\"datePublished\":\"2025-02-18T10:44:50+00:00\",\"dateModified\":\"2026-03-29T17:16:25+00:00\",\"breadcrumb\":{\"@id\":\"https:\\\/\\\/fecc.ee\\\/17-02-2025-soome-eesti-kaubanduskoja-liikmete-uldkoosolek\\\/#breadcrumb\"},\"inLanguage\":\"fi\",\"potentialAction\":[{\"@type\":\"ReadAction\",\"target\":[\"https:\\\/\\\/fecc.ee\\\/17-02-2025-soome-eesti-kaubanduskoja-liikmete-uldkoosolek\\\/\"]}]},{\"@type\":\"ImageObject\",\"inLanguage\":\"fi\",\"@id\":\"https:\\\/\\\/fecc.ee\\\/17-02-2025-soome-eesti-kaubanduskoja-liikmete-uldkoosolek\\\/#primaryimage\",\"url\":\"https:\\\/\\\/fecc.ee\\\/wp-content\\\/uploads\\\/2025\\\/02\\\/Juhatus25-26.jpeg\",\"contentUrl\":\"https:\\\/\\\/fecc.ee\\\/wp-content\\\/uploads\\\/2025\\\/02\\\/Juhatus25-26.jpeg\",\"width\":1600,\"height\":756},{\"@type\":\"BreadcrumbList\",\"@id\":\"https:\\\/\\\/fecc.ee\\\/17-02-2025-soome-eesti-kaubanduskoja-liikmete-uldkoosolek\\\/#breadcrumb\",\"itemListElement\":[{\"@type\":\"ListItem\",\"position\":1,\"name\":\"Home\",\"item\":\"https:\\\/\\\/fecc.ee\\\/\"},{\"@type\":\"ListItem\",\"position\":2,\"name\":\"17.02.2025 Soome-Eesti Kaubanduskoja liikmete \u00fcldkoosolek\"}]},{\"@type\":\"WebSite\",\"@id\":\"https:\\\/\\\/fecc.ee\\\/#website\",\"url\":\"https:\\\/\\\/fecc.ee\\\/\",\"name\":\"Soome-Eesti Kaubanduskoda\",\"description\":\"Tere tulemast Soome-Eesti kaubanduskoja kodulehek\u00fcljele. Oleme suurim rahvusvaheline kaubanduskoda Eestis.\",\"publisher\":{\"@id\":\"https:\\\/\\\/fecc.ee\\\/#organization\"},\"potentialAction\":[{\"@type\":\"SearchAction\",\"target\":{\"@type\":\"EntryPoint\",\"urlTemplate\":\"https:\\\/\\\/fecc.ee\\\/?s={search_term_string}\"},\"query-input\":{\"@type\":\"PropertyValueSpecification\",\"valueRequired\":true,\"valueName\":\"search_term_string\"}}],\"inLanguage\":\"fi\"},{\"@type\":\"Organization\",\"@id\":\"https:\\\/\\\/fecc.ee\\\/#organization\",\"name\":\"Soome-Eesti Kaubanduskoda\",\"url\":\"https:\\\/\\\/fecc.ee\\\/\",\"logo\":{\"@type\":\"ImageObject\",\"inLanguage\":\"fi\",\"@id\":\"https:\\\/\\\/fecc.ee\\\/#\\\/schema\\\/logo\\\/image\\\/\",\"url\":\"https:\\\/\\\/fecc.ee\\\/wp-content\\\/uploads\\\/2025\\\/06\\\/FECC_Logo-1.png\",\"contentUrl\":\"https:\\\/\\\/fecc.ee\\\/wp-content\\\/uploads\\\/2025\\\/06\\\/FECC_Logo-1.png\",\"width\":944,\"height\":292,\"caption\":\"Soome-Eesti Kaubanduskoda\"},\"image\":{\"@id\":\"https:\\\/\\\/fecc.ee\\\/#\\\/schema\\\/logo\\\/image\\\/\"},\"sameAs\":[\"https:\\\/\\\/www.facebook.com\\\/fecc.soomeeesti\\\/\",\"https:\\\/\\\/www.linkedin.com\\\/company\\\/fecc-finnish-estonian-chamber-of-commerce\\\/\"]},{\"@type\":\"Person\",\"@id\":\"https:\\\/\\\/fecc.ee\\\/#\\\/schema\\\/person\\\/dfcce5953472ec5912e66be711f4e756\",\"name\":\"Jasmin Mursula\",\"image\":{\"@type\":\"ImageObject\",\"inLanguage\":\"fi\",\"@id\":\"https:\\\/\\\/secure.gravatar.com\\\/avatar\\\/62a3bdb1b9e7893a74e26b48896fd382ddb4a123448790f8cb8f175dad687780?s=96&d=mm&r=g\",\"url\":\"https:\\\/\\\/secure.gravatar.com\\\/avatar\\\/62a3bdb1b9e7893a74e26b48896fd382ddb4a123448790f8cb8f175dad687780?s=96&d=mm&r=g\",\"contentUrl\":\"https:\\\/\\\/secure.gravatar.com\\\/avatar\\\/62a3bdb1b9e7893a74e26b48896fd382ddb4a123448790f8cb8f175dad687780?s=96&d=mm&r=g\",\"caption\":\"Jasmin Mursula\"},\"url\":\"https:\\\/\\\/fecc.ee\\\/fi\\\/author\\\/fecc\\\/\"}]}<\/script>\n<!-- \/ Yoast SEO plugin. -->","yoast_head_json":{"title":"17.02.2025 Soome-Eesti Kaubanduskoja liikmete \u00fcldkoosolek | Soome-Eesti Kaubanduskoda","robots":{"index":"index","follow":"follow","max-snippet":"max-snippet:-1","max-image-preview":"max-image-preview:large","max-video-preview":"max-video-preview:-1"},"canonical":"https:\/\/fecc.ee\/fi\/17-02-2025-soome-eesti-kaubanduskoja-liikmete-uldkoosolek\/","og_locale":"fi_FI","og_type":"article","og_title":"17.02.2025 Soome-Eesti Kaubanduskoja liikmete \u00fcldkoosolek | Soome-Eesti Kaubanduskoda","og_description":"Soome-Eesti Kaubanduskoda korraldas aastakoosoleku oma liikme Sokos Hotel Viru juures. Suursaadik Vesa Vasara jagas kohtumise alguses m\u00f5tteid Soome ja Eesti suhetest, koost\u00f6\u00f6st ja julgeolukust. Kaubanduskojale valiti ka uus juhatus! T\u00e4name aktiivse osalemise eest...","og_url":"https:\/\/fecc.ee\/fi\/17-02-2025-soome-eesti-kaubanduskoja-liikmete-uldkoosolek\/","og_site_name":"Soome-Eesti Kaubanduskoda","article_publisher":"https:\/\/www.facebook.com\/fecc.soomeeesti\/","article_published_time":"2025-02-18T10:44:50+00:00","article_modified_time":"2026-03-29T17:16:25+00:00","og_image":[{"width":1600,"height":756,"url":"https:\/\/fecc.ee\/wp-content\/uploads\/2025\/02\/Juhatus25-26.jpeg","type":"image\/jpeg"}],"author":"Jasmin Mursula","twitter_card":"summary_large_image","twitter_misc":{"Kirjoittanut":"Jasmin Mursula","Arvioitu lukuaika":"1 minuutti"},"schema":{"@context":"https:\/\/schema.org","@graph":[{"@type":"Article","@id":"https:\/\/fecc.ee\/17-02-2025-soome-eesti-kaubanduskoja-liikmete-uldkoosolek\/#article","isPartOf":{"@id":"https:\/\/fecc.ee\/17-02-2025-soome-eesti-kaubanduskoja-liikmete-uldkoosolek\/"},"author":{"name":"Jasmin Mursula","@id":"https:\/\/fecc.ee\/#\/schema\/person\/dfcce5953472ec5912e66be711f4e756"},"headline":"17.02.2025 Soome-Eesti Kaubanduskoja liikmete \u00fcldkoosolek","datePublished":"2025-02-18T10:44:50+00:00","dateModified":"2026-03-29T17:16:25+00:00","mainEntityOfPage":{"@id":"https:\/\/fecc.ee\/17-02-2025-soome-eesti-kaubanduskoja-liikmete-uldkoosolek\/"},"wordCount":84,"publisher":{"@id":"https:\/\/fecc.ee\/#organization"},"image":{"@id":"https:\/\/fecc.ee\/17-02-2025-soome-eesti-kaubanduskoja-liikmete-uldkoosolek\/#primaryimage"},"thumbnailUrl":"https:\/\/fecc.ee\/wp-content\/uploads\/2025\/02\/Juhatus25-26.jpeg","articleSection":["toimunud s\u00fcndmused"],"inLanguage":"fi"},{"@type":"WebPage","@id":"https:\/\/fecc.ee\/17-02-2025-soome-eesti-kaubanduskoja-liikmete-uldkoosolek\/","url":"https:\/\/fecc.ee\/17-02-2025-soome-eesti-kaubanduskoja-liikmete-uldkoosolek\/","name":"17.02.2025 Soome-Eesti Kaubanduskoja liikmete \u00fcldkoosolek | Soome-Eesti Kaubanduskoda","isPartOf":{"@id":"https:\/\/fecc.ee\/#website"},"primaryImageOfPage":{"@id":"https:\/\/fecc.ee\/17-02-2025-soome-eesti-kaubanduskoja-liikmete-uldkoosolek\/#primaryimage"},"image":{"@id":"https:\/\/fecc.ee\/17-02-2025-soome-eesti-kaubanduskoja-liikmete-uldkoosolek\/#primaryimage"},"thumbnailUrl":"https:\/\/fecc.ee\/wp-content\/uploads\/2025\/02\/Juhatus25-26.jpeg","datePublished":"2025-02-18T10:44:50+00:00","dateModified":"2026-03-29T17:16:25+00:00","breadcrumb":{"@id":"https:\/\/fecc.ee\/17-02-2025-soome-eesti-kaubanduskoja-liikmete-uldkoosolek\/#breadcrumb"},"inLanguage":"fi","potentialAction":[{"@type":"ReadAction","target":["https:\/\/fecc.ee\/17-02-2025-soome-eesti-kaubanduskoja-liikmete-uldkoosolek\/"]}]},{"@type":"ImageObject","inLanguage":"fi","@id":"https:\/\/fecc.ee\/17-02-2025-soome-eesti-kaubanduskoja-liikmete-uldkoosolek\/#primaryimage","url":"https:\/\/fecc.ee\/wp-content\/uploads\/2025\/02\/Juhatus25-26.jpeg","contentUrl":"https:\/\/fecc.ee\/wp-content\/uploads\/2025\/02\/Juhatus25-26.jpeg","width":1600,"height":756},{"@type":"BreadcrumbList","@id":"https:\/\/fecc.ee\/17-02-2025-soome-eesti-kaubanduskoja-liikmete-uldkoosolek\/#breadcrumb","itemListElement":[{"@type":"ListItem","position":1,"name":"Home","item":"https:\/\/fecc.ee\/"},{"@type":"ListItem","position":2,"name":"17.02.2025 Soome-Eesti Kaubanduskoja liikmete \u00fcldkoosolek"}]},{"@type":"WebSite","@id":"https:\/\/fecc.ee\/#website","url":"https:\/\/fecc.ee\/","name":"Suomalais-Virolainen Kauppakamari","description":"Tere tulemast Soome-Eesti kaubanduskoja kodulehek\u00fcljele. Oleme suurim rahvusvaheline kaubanduskoda Eestis.","publisher":{"@id":"https:\/\/fecc.ee\/#organization"},"potentialAction":[{"@type":"SearchAction","target":{"@type":"EntryPoint","urlTemplate":"https:\/\/fecc.ee\/?s={search_term_string}"},"query-input":{"@type":"PropertyValueSpecification","valueRequired":true,"valueName":"search_term_string"}}],"inLanguage":"fi"},{"@type":"Organization","@id":"https:\/\/fecc.ee\/#organization","name":"Suomalais-Virolainen Kauppakamari","url":"https:\/\/fecc.ee\/","logo":{"@type":"ImageObject","inLanguage":"fi","@id":"https:\/\/fecc.ee\/#\/schema\/logo\/image\/","url":"https:\/\/fecc.ee\/wp-content\/uploads\/2025\/06\/FECC_Logo-1.png","contentUrl":"https:\/\/fecc.ee\/wp-content\/uploads\/2025\/06\/FECC_Logo-1.png","width":944,"height":292,"caption":"Soome-Eesti Kaubanduskoda"},"image":{"@id":"https:\/\/fecc.ee\/#\/schema\/logo\/image\/"},"sameAs":["https:\/\/www.facebook.com\/fecc.soomeeesti\/","https:\/\/www.linkedin.com\/company\/fecc-finnish-estonian-chamber-of-commerce\/"]},{"@type":"Person","@id":"https:\/\/fecc.ee\/#\/schema\/person\/dfcce5953472ec5912e66be711f4e756","name":"Jasmin Mursula","image":{"@type":"ImageObject","inLanguage":"fi","@id":"https:\/\/secure.gravatar.com\/avatar\/62a3bdb1b9e7893a74e26b48896fd382ddb4a123448790f8cb8f175dad687780?s=96&d=mm&r=g","url":"https:\/\/secure.gravatar.com\/avatar\/62a3bdb1b9e7893a74e26b48896fd382ddb4a123448790f8cb8f175dad687780?s=96&d=mm&r=g","contentUrl":"https:\/\/secure.gravatar.com\/avatar\/62a3bdb1b9e7893a74e26b48896fd382ddb4a123448790f8cb8f175dad687780?s=96&d=mm&r=g","caption":"Jasmin Mursula"},"url":"https:\/\/fecc.ee\/fi\/author\/fecc\/"}]}},"_links":{"self":[{"href":"https:\/\/fecc.ee\/fi\/wp-json\/wp\/v2\/posts\/24498","targetHints":{"allow":["GET"]}}],"collection":[{"href":"https:\/\/fecc.ee\/fi\/wp-json\/wp\/v2\/posts"}],"about":[{"href":"https:\/\/fecc.ee\/fi\/wp-json\/wp\/v2\/types\/post"}],"author":[{"embeddable":true,"href":"https:\/\/fecc.ee\/fi\/wp-json\/wp\/v2\/users\/3"}],"replies":[{"embeddable":true,"href":"https:\/\/fecc.ee\/fi\/wp-json\/wp\/v2\/comments?post=24498"}],"version-history":[{"count":5,"href":"https:\/\/fecc.ee\/fi\/wp-json\/wp\/v2\/posts\/24498\/revisions"}],"predecessor-version":[{"id":26373,"href":"https:\/\/fecc.ee\/fi\/wp-json\/wp\/v2\/posts\/24498\/revisions\/26373"}],"wp:featuredmedia":[{"embeddable":true,"href":"https:\/\/fecc.ee\/fi\/wp-json\/wp\/v2\/media\/10730"}],"wp:attachment":[{"href":"https:\/\/fecc.ee\/fi\/wp-json\/wp\/v2\/media?parent=24498"}],"wp:term":[{"taxonomy":"category","embeddable":true,"href":"https:\/\/fecc.ee\/fi\/wp-json\/wp\/v2\/categories?post=24498"},{"taxonomy":"post_tag","embeddable":true,"href":"https:\/\/fecc.ee\/fi\/wp-json\/wp\/v2\/tags?post=24498"}],"curies":[{"name":"wp","href":"https:\/\/api.w.org\/{rel}","templated":true}]}}