{"id":24741,"date":"2025-05-27T12:36:30","date_gmt":"2025-05-27T09:36:30","guid":{"rendered":"https:\/\/fecc.ee\/?p=24741"},"modified":"2026-03-29T19:10:36","modified_gmt":"2026-03-29T17:10:36","slug":"22-23-05-2025-maakonnareis-voru-ja-setomaale","status":"publish","type":"post","link":"https:\/\/fecc.ee\/fi\/22-23-05-2025-maakonnareis-voru-ja-setomaale\/","title":{"rendered":"22-23.05.2025 Maakuntamatka V\u00f5ru- ja Setomaalle"},"content":{"rendered":"<div data-elementor-type=\"wp-post\" data-elementor-id=\"24741\" class=\"elementor elementor-24741\" data-elementor-post-type=\"post\">\n\t\t\t\t<div class=\"elementor-element elementor-element-be1a2dc e-flex e-con-boxed e-con e-parent\" data-id=\"be1a2dc\" data-element_type=\"container\" data-e-type=\"container\">\n\t\t\t\t\t<div class=\"e-con-inner\">\n\t\t\t\t<div class=\"elementor-element elementor-element-4a39456 elementor-widget elementor-widget-text-editor\" data-id=\"4a39456\" data-element_type=\"widget\" data-e-type=\"widget\" data-widget_type=\"text-editor.default\">\n\t\t\t\t\t\t\t\t\t<p data-start=\"68\" data-end=\"156\"><strong data-start=\"68\" data-end=\"156\">Maakuntamatka tarjosi inspiraatiota, kohtaamisia ja kulttuuriel\u00e4myksi\u00e4 V\u00f5russa ja Setomaalla<\/strong><\/p>\n<p data-start=\"158\" data-end=\"385\">Viime viikolla toteutui j\u00e4lleen perinteinen maakuntamatka, joka suuntautui t\u00e4ll\u00e4 kertaa Etel\u00e4-Viroon \u2013 V\u00f5run ja Setomaan alueille. Matka tarjosi monipuolisen ohjelman, jossa yhdistyiv\u00e4t yritystoiminta, kulttuuri ja yhteisty\u00f6mahdollisuudet.<\/p>\n<p data-start=\"387\" data-end=\"708\">Osallistujat vierailivat useissa paikallisissa yrityksiss\u00e4, kuten <strong data-start=\"449\" data-end=\"464\">Estelaxe O\u00dc<\/strong>, <strong data-start=\"466\" data-end=\"500\">Kagu-Eesti Innovatsioonikeskus<\/strong>, <strong data-start=\"502\" data-end=\"520\">Rauameister AS<\/strong>, <strong data-start=\"522\" data-end=\"535\">Ritico O\u00dc<\/strong> ja <strong data-start=\"539\" data-end=\"559\">Obinitsa-museo.<\/strong>Jokainen vierailukohde antoi arvokasta tietoa alueen elinkeinoel\u00e4m\u00e4st\u00e4 ja yritt\u00e4jyydest\u00e4, esitellen paikallisia ratkaisuja, tuotantoa ja innovaatioita.<\/p>\n<p data-start=\"710\" data-end=\"1003\">Yritysvierailujen lis\u00e4ksi matkaan sis\u00e4ltyi syv\u00e4llisi\u00e4 kulttuurikokemuksia. Setomaan rikas perint\u00f6, ainutlaatuinen kieli ja perinteet tekiv\u00e4t osallistujiin vahvan vaikutuksen. Obinitsan museo tarjosi vaikuttavan katsauksen setukaisten historiaan ja identiteettiin \u2013 monelle matkan kohokohta.<\/p>\n<p data-start=\"1005\" data-end=\"1226\">\u201dMatka oli eritt\u00e4in antoisa ja hienosti j\u00e4rjestetty. Se toi yhteen eri alojen ihmisi\u00e4, mahdollisti uusien kontaktien syntymisen ja avarsi ajattelua. T\u00e4llaiset kohtaamiset paikan p\u00e4\u00e4ll\u00e4 ovat korvaamattomia,\u201d totesi er\u00e4s osallistuja.<\/p>\n<p data-start=\"1228\" data-end=\"1407\">L\u00e4mpim\u00e4t kiitokset kaikille yhteisty\u00f6kumppaneille l\u00e4mpim\u00e4st\u00e4 vastaanotosta ja sis\u00e4ll\u00f6lt\u00e4\u00e4n rikkaasta ohjelmasta! Maakuntamatka osoitti j\u00e4lleen, kuinka paljon arvoa syntyy suorista kohtaamisista.<\/p>\t\t\t\t\t\t\t\t<\/div>\n\t\t\t\t<div class=\"elementor-element elementor-element-b7e38fb elementor-widget elementor-widget-gallery\" data-id=\"b7e38fb\" data-element_type=\"widget\" data-e-type=\"widget\" data-settings=\"{&quot;gallery_layout&quot;:&quot;justified&quot;,&quot;ideal_row_height&quot;:{&quot;unit&quot;:&quot;px&quot;,&quot;size&quot;:160,&quot;sizes&quot;:[]},&quot;gap&quot;:{&quot;unit&quot;:&quot;px&quot;,&quot;size&quot;:16,&quot;sizes&quot;:[]},&quot;lazyload&quot;:&quot;yes&quot;,&quot;ideal_row_height_tablet&quot;:{&quot;unit&quot;:&quot;px&quot;,&quot;size&quot;:150,&quot;sizes&quot;:[]},&quot;ideal_row_height_mobile&quot;:{&quot;unit&quot;:&quot;px&quot;,&quot;size&quot;:150,&quot;sizes&quot;:[]},&quot;gap_tablet&quot;:{&quot;unit&quot;:&quot;px&quot;,&quot;size&quot;:10,&quot;sizes&quot;:[]},&quot;gap_mobile&quot;:{&quot;unit&quot;:&quot;px&quot;,&quot;size&quot;:10,&quot;sizes&quot;:[]},&quot;link_to&quot;:&quot;file&quot;,&quot;overlay_background&quot;:&quot;yes&quot;,&quot;content_hover_animation&quot;:&quot;fade-in&quot;}\" data-widget_type=\"gallery.default\">\n\t\t\t\t\t\t\t<div class=\"elementor-gallery__container\">\n\t\t\t\t\t\t\t<a class=\"e-gallery-item elementor-gallery-item elementor-animated-content\" href=\"https:\/\/fecc.ee\/wp-content\/uploads\/2025\/05\/IMG_6150-1-scaled.jpg\" data-elementor-open-lightbox=\"yes\" data-elementor-lightbox-slideshow=\"b7e38fb\" data-elementor-lightbox-title=\"IMG_6150\" data-e-action-hash=\"#elementor-action%3Aaction%3Dlightbox%26settings%3DeyJpZCI6MjQ3NzYsInVybCI6Imh0dHBzOlwvXC9mZWNjLmVlXC93cC1jb250ZW50XC91cGxvYWRzXC8yMDI1XC8wNVwvSU1HXzYxNTAtMS1zY2FsZWQuanBnIiwic2xpZGVzaG93IjoiYjdlMzhmYiJ9\">\n\t\t\t\t\t<div class=\"e-gallery-image elementor-gallery-item__image\" data-thumbnail=\"https:\/\/fecc.ee\/wp-content\/uploads\/2025\/05\/IMG_6150-1-768x512.jpg\" data-width=\"768\" data-height=\"512\" aria-label=\"\" role=\"img\" ><\/div>\n\t\t\t\t\t\t\t\t\t\t\t<div class=\"elementor-gallery-item__overlay\"><\/div>\n\t\t\t\t\t\t\t\t\t\t\t\t\t\t<\/a>\n\t\t\t\t\t\t\t<a class=\"e-gallery-item elementor-gallery-item elementor-animated-content\" href=\"https:\/\/fecc.ee\/wp-content\/uploads\/2025\/05\/IMG_6150-scaled.jpg\" data-elementor-open-lightbox=\"yes\" data-elementor-lightbox-slideshow=\"b7e38fb\" data-elementor-lightbox-title=\"IMG_6150\" data-e-action-hash=\"#elementor-action%3Aaction%3Dlightbox%26settings%3DeyJpZCI6MTA3ODQsInVybCI6Imh0dHBzOlwvXC9mZWNjLmVlXC93cC1jb250ZW50XC91cGxvYWRzXC8yMDI1XC8wNVwvSU1HXzYxNTAtc2NhbGVkLmpwZyIsInNsaWRlc2hvdyI6ImI3ZTM4ZmIifQ%3D%3D\">\n\t\t\t\t\t<div class=\"e-gallery-image elementor-gallery-item__image\" data-thumbnail=\"https:\/\/fecc.ee\/wp-content\/uploads\/2025\/05\/IMG_6150-768x512.jpg\" data-width=\"768\" data-height=\"512\" aria-label=\"\" role=\"img\" ><\/div>\n\t\t\t\t\t\t\t\t\t\t\t<div class=\"elementor-gallery-item__overlay\"><\/div>\n\t\t\t\t\t\t\t\t\t\t\t\t\t\t<\/a>\n\t\t\t\t\t\t\t<a class=\"e-gallery-item elementor-gallery-item elementor-animated-content\" href=\"https:\/\/fecc.ee\/wp-content\/uploads\/2025\/05\/IMG_6280-1-scaled.jpg\" data-elementor-open-lightbox=\"yes\" data-elementor-lightbox-slideshow=\"b7e38fb\" data-elementor-lightbox-title=\"IMG_6280\" data-e-action-hash=\"#elementor-action%3Aaction%3Dlightbox%26settings%3DeyJpZCI6MjQ3NzQsInVybCI6Imh0dHBzOlwvXC9mZWNjLmVlXC93cC1jb250ZW50XC91cGxvYWRzXC8yMDI1XC8wNVwvSU1HXzYyODAtMS1zY2FsZWQuanBnIiwic2xpZGVzaG93IjoiYjdlMzhmYiJ9\">\n\t\t\t\t\t<div class=\"e-gallery-image elementor-gallery-item__image\" data-thumbnail=\"https:\/\/fecc.ee\/wp-content\/uploads\/2025\/05\/IMG_6280-1-768x1152.jpg\" data-width=\"768\" data-height=\"1152\" aria-label=\"\" role=\"img\" ><\/div>\n\t\t\t\t\t\t\t\t\t\t\t<div class=\"elementor-gallery-item__overlay\"><\/div>\n\t\t\t\t\t\t\t\t\t\t\t\t\t\t<\/a>\n\t\t\t\t\t\t\t<a class=\"e-gallery-item elementor-gallery-item elementor-animated-content\" href=\"https:\/\/fecc.ee\/wp-content\/uploads\/2025\/05\/IMG_5852-1-scaled.jpg\" data-elementor-open-lightbox=\"yes\" data-elementor-lightbox-slideshow=\"b7e38fb\" data-elementor-lightbox-title=\"IMG_5852\" data-e-action-hash=\"#elementor-action%3Aaction%3Dlightbox%26settings%3DeyJpZCI6MjQ3ODQsInVybCI6Imh0dHBzOlwvXC9mZWNjLmVlXC93cC1jb250ZW50XC91cGxvYWRzXC8yMDI1XC8wNVwvSU1HXzU4NTItMS1zY2FsZWQuanBnIiwic2xpZGVzaG93IjoiYjdlMzhmYiJ9\">\n\t\t\t\t\t<div class=\"e-gallery-image elementor-gallery-item__image\" data-thumbnail=\"https:\/\/fecc.ee\/wp-content\/uploads\/2025\/05\/IMG_5852-1-768x512.jpg\" data-width=\"768\" data-height=\"512\" aria-label=\"\" role=\"img\" ><\/div>\n\t\t\t\t\t\t\t\t\t\t\t<div class=\"elementor-gallery-item__overlay\"><\/div>\n\t\t\t\t\t\t\t\t\t\t\t\t\t\t<\/a>\n\t\t\t\t\t\t\t<a class=\"e-gallery-item elementor-gallery-item elementor-animated-content\" href=\"https:\/\/fecc.ee\/wp-content\/uploads\/2025\/05\/IMG_6453-1-scaled.jpg\" data-elementor-open-lightbox=\"yes\" data-elementor-lightbox-slideshow=\"b7e38fb\" data-elementor-lightbox-title=\"IMG_6453\" data-e-action-hash=\"#elementor-action%3Aaction%3Dlightbox%26settings%3DeyJpZCI6MjQ3NzAsInVybCI6Imh0dHBzOlwvXC9mZWNjLmVlXC93cC1jb250ZW50XC91cGxvYWRzXC8yMDI1XC8wNVwvSU1HXzY0NTMtMS1zY2FsZWQuanBnIiwic2xpZGVzaG93IjoiYjdlMzhmYiJ9\">\n\t\t\t\t\t<div class=\"e-gallery-image elementor-gallery-item__image\" data-thumbnail=\"https:\/\/fecc.ee\/wp-content\/uploads\/2025\/05\/IMG_6453-1-768x512.jpg\" data-width=\"768\" data-height=\"512\" aria-label=\"\" role=\"img\" ><\/div>\n\t\t\t\t\t\t\t\t\t\t\t<div class=\"elementor-gallery-item__overlay\"><\/div>\n\t\t\t\t\t\t\t\t\t\t\t\t\t\t<\/a>\n\t\t\t\t\t\t\t<a class=\"e-gallery-item elementor-gallery-item elementor-animated-content\" href=\"https:\/\/fecc.ee\/wp-content\/uploads\/2025\/05\/IMG_5701-1-scaled.jpg\" data-elementor-open-lightbox=\"yes\" data-elementor-lightbox-slideshow=\"b7e38fb\" data-elementor-lightbox-title=\"IMG_5701\" data-e-action-hash=\"#elementor-action%3Aaction%3Dlightbox%26settings%3DeyJpZCI6MjQ3ODgsInVybCI6Imh0dHBzOlwvXC9mZWNjLmVlXC93cC1jb250ZW50XC91cGxvYWRzXC8yMDI1XC8wNVwvSU1HXzU3MDEtMS1zY2FsZWQuanBnIiwic2xpZGVzaG93IjoiYjdlMzhmYiJ9\">\n\t\t\t\t\t<div class=\"e-gallery-image elementor-gallery-item__image\" data-thumbnail=\"https:\/\/fecc.ee\/wp-content\/uploads\/2025\/05\/IMG_5701-1-768x512.jpg\" data-width=\"768\" data-height=\"512\" aria-label=\"\" role=\"img\" ><\/div>\n\t\t\t\t\t\t\t\t\t\t\t<div class=\"elementor-gallery-item__overlay\"><\/div>\n\t\t\t\t\t\t\t\t\t\t\t\t\t\t<\/a>\n\t\t\t\t\t\t\t<a class=\"e-gallery-item elementor-gallery-item elementor-animated-content\" href=\"https:\/\/fecc.ee\/wp-content\/uploads\/2025\/05\/IMG_6438-1-scaled.jpg\" data-elementor-open-lightbox=\"yes\" data-elementor-lightbox-slideshow=\"b7e38fb\" data-elementor-lightbox-title=\"IMG_6438\" data-e-action-hash=\"#elementor-action%3Aaction%3Dlightbox%26settings%3DeyJpZCI6MjQ3NzEsInVybCI6Imh0dHBzOlwvXC9mZWNjLmVlXC93cC1jb250ZW50XC91cGxvYWRzXC8yMDI1XC8wNVwvSU1HXzY0MzgtMS1zY2FsZWQuanBnIiwic2xpZGVzaG93IjoiYjdlMzhmYiJ9\">\n\t\t\t\t\t<div class=\"e-gallery-image elementor-gallery-item__image\" data-thumbnail=\"https:\/\/fecc.ee\/wp-content\/uploads\/2025\/05\/IMG_6438-1-768x1152.jpg\" data-width=\"768\" data-height=\"1152\" aria-label=\"\" role=\"img\" ><\/div>\n\t\t\t\t\t\t\t\t\t\t\t<div class=\"elementor-gallery-item__overlay\"><\/div>\n\t\t\t\t\t\t\t\t\t\t\t\t\t\t<\/a>\n\t\t\t\t\t\t\t<a class=\"e-gallery-item elementor-gallery-item elementor-animated-content\" href=\"https:\/\/fecc.ee\/wp-content\/uploads\/2025\/05\/IMG_6437-1-scaled.jpg\" data-elementor-open-lightbox=\"yes\" data-elementor-lightbox-slideshow=\"b7e38fb\" data-elementor-lightbox-title=\"IMG_6437\" data-e-action-hash=\"#elementor-action%3Aaction%3Dlightbox%26settings%3DeyJpZCI6MjQ3NzIsInVybCI6Imh0dHBzOlwvXC9mZWNjLmVlXC93cC1jb250ZW50XC91cGxvYWRzXC8yMDI1XC8wNVwvSU1HXzY0MzctMS1zY2FsZWQuanBnIiwic2xpZGVzaG93IjoiYjdlMzhmYiJ9\">\n\t\t\t\t\t<div class=\"e-gallery-image elementor-gallery-item__image\" data-thumbnail=\"https:\/\/fecc.ee\/wp-content\/uploads\/2025\/05\/IMG_6437-1-768x512.jpg\" data-width=\"768\" data-height=\"512\" aria-label=\"\" role=\"img\" ><\/div>\n\t\t\t\t\t\t\t\t\t\t\t<div class=\"elementor-gallery-item__overlay\"><\/div>\n\t\t\t\t\t\t\t\t\t\t\t\t\t\t<\/a>\n\t\t\t\t\t\t\t<a class=\"e-gallery-item elementor-gallery-item elementor-animated-content\" href=\"https:\/\/fecc.ee\/wp-content\/uploads\/2025\/05\/IMG_6390-1-scaled.jpg\" data-elementor-open-lightbox=\"yes\" data-elementor-lightbox-slideshow=\"b7e38fb\" data-elementor-lightbox-title=\"IMG_6390\" data-e-action-hash=\"#elementor-action%3Aaction%3Dlightbox%26settings%3DeyJpZCI6MjQ3NzMsInVybCI6Imh0dHBzOlwvXC9mZWNjLmVlXC93cC1jb250ZW50XC91cGxvYWRzXC8yMDI1XC8wNVwvSU1HXzYzOTAtMS1zY2FsZWQuanBnIiwic2xpZGVzaG93IjoiYjdlMzhmYiJ9\">\n\t\t\t\t\t<div class=\"e-gallery-image elementor-gallery-item__image\" data-thumbnail=\"https:\/\/fecc.ee\/wp-content\/uploads\/2025\/05\/IMG_6390-1-768x512.jpg\" data-width=\"768\" data-height=\"512\" aria-label=\"\" role=\"img\" ><\/div>\n\t\t\t\t\t\t\t\t\t\t\t<div class=\"elementor-gallery-item__overlay\"><\/div>\n\t\t\t\t\t\t\t\t\t\t\t\t\t\t<\/a>\n\t\t\t\t\t\t\t<a class=\"e-gallery-item elementor-gallery-item elementor-animated-content\" href=\"https:\/\/fecc.ee\/wp-content\/uploads\/2025\/05\/IMG_5695-1-scaled.jpg\" data-elementor-open-lightbox=\"yes\" data-elementor-lightbox-slideshow=\"b7e38fb\" data-elementor-lightbox-title=\"IMG_5695\" data-e-action-hash=\"#elementor-action%3Aaction%3Dlightbox%26settings%3DeyJpZCI6MjQ3ODksInVybCI6Imh0dHBzOlwvXC9mZWNjLmVlXC93cC1jb250ZW50XC91cGxvYWRzXC8yMDI1XC8wNVwvSU1HXzU2OTUtMS1zY2FsZWQuanBnIiwic2xpZGVzaG93IjoiYjdlMzhmYiJ9\">\n\t\t\t\t\t<div class=\"e-gallery-image elementor-gallery-item__image\" data-thumbnail=\"https:\/\/fecc.ee\/wp-content\/uploads\/2025\/05\/IMG_5695-1-768x512.jpg\" data-width=\"768\" data-height=\"512\" aria-label=\"\" role=\"img\" ><\/div>\n\t\t\t\t\t\t\t\t\t\t\t<div class=\"elementor-gallery-item__overlay\"><\/div>\n\t\t\t\t\t\t\t\t\t\t\t\t\t\t<\/a>\n\t\t\t\t\t\t\t<a class=\"e-gallery-item elementor-gallery-item elementor-animated-content\" href=\"https:\/\/fecc.ee\/wp-content\/uploads\/2025\/05\/IMG_6172-1-scaled.jpg\" data-elementor-open-lightbox=\"yes\" data-elementor-lightbox-slideshow=\"b7e38fb\" data-elementor-lightbox-title=\"IMG_6172\" data-e-action-hash=\"#elementor-action%3Aaction%3Dlightbox%26settings%3DeyJpZCI6MjQ3NzUsInVybCI6Imh0dHBzOlwvXC9mZWNjLmVlXC93cC1jb250ZW50XC91cGxvYWRzXC8yMDI1XC8wNVwvSU1HXzYxNzItMS1zY2FsZWQuanBnIiwic2xpZGVzaG93IjoiYjdlMzhmYiJ9\">\n\t\t\t\t\t<div class=\"e-gallery-image elementor-gallery-item__image\" data-thumbnail=\"https:\/\/fecc.ee\/wp-content\/uploads\/2025\/05\/IMG_6172-1-768x512.jpg\" data-width=\"768\" data-height=\"512\" aria-label=\"\" role=\"img\" ><\/div>\n\t\t\t\t\t\t\t\t\t\t\t<div class=\"elementor-gallery-item__overlay\"><\/div>\n\t\t\t\t\t\t\t\t\t\t\t\t\t\t<\/a>\n\t\t\t\t\t\t\t<a class=\"e-gallery-item elementor-gallery-item elementor-animated-content\" href=\"https:\/\/fecc.ee\/wp-content\/uploads\/2025\/05\/IMG_6125-1-scaled.jpg\" data-elementor-open-lightbox=\"yes\" data-elementor-lightbox-slideshow=\"b7e38fb\" data-elementor-lightbox-title=\"IMG_6125\" data-e-action-hash=\"#elementor-action%3Aaction%3Dlightbox%26settings%3DeyJpZCI6MjQ3NzcsInVybCI6Imh0dHBzOlwvXC9mZWNjLmVlXC93cC1jb250ZW50XC91cGxvYWRzXC8yMDI1XC8wNVwvSU1HXzYxMjUtMS1zY2FsZWQuanBnIiwic2xpZGVzaG93IjoiYjdlMzhmYiJ9\">\n\t\t\t\t\t<div class=\"e-gallery-image elementor-gallery-item__image\" data-thumbnail=\"https:\/\/fecc.ee\/wp-content\/uploads\/2025\/05\/IMG_6125-1-768x512.jpg\" data-width=\"768\" data-height=\"512\" aria-label=\"\" role=\"img\" ><\/div>\n\t\t\t\t\t\t\t\t\t\t\t<div class=\"elementor-gallery-item__overlay\"><\/div>\n\t\t\t\t\t\t\t\t\t\t\t\t\t\t<\/a>\n\t\t\t\t\t\t\t<a class=\"e-gallery-item elementor-gallery-item elementor-animated-content\" href=\"https:\/\/fecc.ee\/wp-content\/uploads\/2025\/05\/IMG_6085-1-scaled.jpg\" data-elementor-open-lightbox=\"yes\" data-elementor-lightbox-slideshow=\"b7e38fb\" data-elementor-lightbox-title=\"IMG_6085\" data-e-action-hash=\"#elementor-action%3Aaction%3Dlightbox%26settings%3DeyJpZCI6MjQ3NzgsInVybCI6Imh0dHBzOlwvXC9mZWNjLmVlXC93cC1jb250ZW50XC91cGxvYWRzXC8yMDI1XC8wNVwvSU1HXzYwODUtMS1zY2FsZWQuanBnIiwic2xpZGVzaG93IjoiYjdlMzhmYiJ9\">\n\t\t\t\t\t<div class=\"e-gallery-image elementor-gallery-item__image\" data-thumbnail=\"https:\/\/fecc.ee\/wp-content\/uploads\/2025\/05\/IMG_6085-1-768x512.jpg\" data-width=\"768\" data-height=\"512\" aria-label=\"\" role=\"img\" ><\/div>\n\t\t\t\t\t\t\t\t\t\t\t<div class=\"elementor-gallery-item__overlay\"><\/div>\n\t\t\t\t\t\t\t\t\t\t\t\t\t\t<\/a>\n\t\t\t\t\t\t\t<a class=\"e-gallery-item elementor-gallery-item elementor-animated-content\" href=\"https:\/\/fecc.ee\/wp-content\/uploads\/2025\/05\/IMG_6083-1-scaled.jpg\" data-elementor-open-lightbox=\"yes\" data-elementor-lightbox-slideshow=\"b7e38fb\" data-elementor-lightbox-title=\"IMG_6083\" data-e-action-hash=\"#elementor-action%3Aaction%3Dlightbox%26settings%3DeyJpZCI6MjQ3NzksInVybCI6Imh0dHBzOlwvXC9mZWNjLmVlXC93cC1jb250ZW50XC91cGxvYWRzXC8yMDI1XC8wNVwvSU1HXzYwODMtMS1zY2FsZWQuanBnIiwic2xpZGVzaG93IjoiYjdlMzhmYiJ9\">\n\t\t\t\t\t<div class=\"e-gallery-image elementor-gallery-item__image\" data-thumbnail=\"https:\/\/fecc.ee\/wp-content\/uploads\/2025\/05\/IMG_6083-1-768x512.jpg\" data-width=\"768\" data-height=\"512\" aria-label=\"\" role=\"img\" ><\/div>\n\t\t\t\t\t\t\t\t\t\t\t<div class=\"elementor-gallery-item__overlay\"><\/div>\n\t\t\t\t\t\t\t\t\t\t\t\t\t\t<\/a>\n\t\t\t\t\t\t\t<a class=\"e-gallery-item elementor-gallery-item elementor-animated-content\" href=\"https:\/\/fecc.ee\/wp-content\/uploads\/2025\/05\/IMG_5677-1-scaled.jpg\" data-elementor-open-lightbox=\"yes\" data-elementor-lightbox-slideshow=\"b7e38fb\" data-elementor-lightbox-title=\"IMG_5677\" data-e-action-hash=\"#elementor-action%3Aaction%3Dlightbox%26settings%3DeyJpZCI6MjQ3OTAsInVybCI6Imh0dHBzOlwvXC9mZWNjLmVlXC93cC1jb250ZW50XC91cGxvYWRzXC8yMDI1XC8wNVwvSU1HXzU2NzctMS1zY2FsZWQuanBnIiwic2xpZGVzaG93IjoiYjdlMzhmYiJ9\">\n\t\t\t\t\t<div class=\"e-gallery-image elementor-gallery-item__image\" data-thumbnail=\"https:\/\/fecc.ee\/wp-content\/uploads\/2025\/05\/IMG_5677-1-768x512.jpg\" data-width=\"768\" data-height=\"512\" aria-label=\"\" role=\"img\" ><\/div>\n\t\t\t\t\t\t\t\t\t\t\t<div class=\"elementor-gallery-item__overlay\"><\/div>\n\t\t\t\t\t\t\t\t\t\t\t\t\t\t<\/a>\n\t\t\t\t\t\t\t<a class=\"e-gallery-item elementor-gallery-item elementor-animated-content\" href=\"https:\/\/fecc.ee\/wp-content\/uploads\/2025\/05\/IMG_6052-1-scaled.jpg\" data-elementor-open-lightbox=\"yes\" data-elementor-lightbox-slideshow=\"b7e38fb\" data-elementor-lightbox-title=\"IMG_6052\" data-e-action-hash=\"#elementor-action%3Aaction%3Dlightbox%26settings%3DeyJpZCI6MjQ3ODAsInVybCI6Imh0dHBzOlwvXC9mZWNjLmVlXC93cC1jb250ZW50XC91cGxvYWRzXC8yMDI1XC8wNVwvSU1HXzYwNTItMS1zY2FsZWQuanBnIiwic2xpZGVzaG93IjoiYjdlMzhmYiJ9\">\n\t\t\t\t\t<div class=\"e-gallery-image elementor-gallery-item__image\" data-thumbnail=\"https:\/\/fecc.ee\/wp-content\/uploads\/2025\/05\/IMG_6052-1-768x512.jpg\" data-width=\"768\" data-height=\"512\" aria-label=\"\" role=\"img\" ><\/div>\n\t\t\t\t\t\t\t\t\t\t\t<div class=\"elementor-gallery-item__overlay\"><\/div>\n\t\t\t\t\t\t\t\t\t\t\t\t\t\t<\/a>\n\t\t\t\t\t\t\t<a class=\"e-gallery-item elementor-gallery-item elementor-animated-content\" href=\"https:\/\/fecc.ee\/wp-content\/uploads\/2025\/05\/IMG_6046-1-scaled.jpg\" data-elementor-open-lightbox=\"yes\" data-elementor-lightbox-slideshow=\"b7e38fb\" data-elementor-lightbox-title=\"IMG_6046\" data-e-action-hash=\"#elementor-action%3Aaction%3Dlightbox%26settings%3DeyJpZCI6MjQ3ODEsInVybCI6Imh0dHBzOlwvXC9mZWNjLmVlXC93cC1jb250ZW50XC91cGxvYWRzXC8yMDI1XC8wNVwvSU1HXzYwNDYtMS1zY2FsZWQuanBnIiwic2xpZGVzaG93IjoiYjdlMzhmYiJ9\">\n\t\t\t\t\t<div class=\"e-gallery-image elementor-gallery-item__image\" data-thumbnail=\"https:\/\/fecc.ee\/wp-content\/uploads\/2025\/05\/IMG_6046-1-768x512.jpg\" data-width=\"768\" data-height=\"512\" aria-label=\"\" role=\"img\" ><\/div>\n\t\t\t\t\t\t\t\t\t\t\t<div class=\"elementor-gallery-item__overlay\"><\/div>\n\t\t\t\t\t\t\t\t\t\t\t\t\t\t<\/a>\n\t\t\t\t\t\t\t<a class=\"e-gallery-item elementor-gallery-item elementor-animated-content\" href=\"https:\/\/fecc.ee\/wp-content\/uploads\/2025\/05\/IMG_6015-1-scaled.jpg\" data-elementor-open-lightbox=\"yes\" data-elementor-lightbox-slideshow=\"b7e38fb\" data-elementor-lightbox-title=\"IMG_6015\" data-e-action-hash=\"#elementor-action%3Aaction%3Dlightbox%26settings%3DeyJpZCI6MjQ3ODIsInVybCI6Imh0dHBzOlwvXC9mZWNjLmVlXC93cC1jb250ZW50XC91cGxvYWRzXC8yMDI1XC8wNVwvSU1HXzYwMTUtMS1zY2FsZWQuanBnIiwic2xpZGVzaG93IjoiYjdlMzhmYiJ9\">\n\t\t\t\t\t<div class=\"e-gallery-image elementor-gallery-item__image\" data-thumbnail=\"https:\/\/fecc.ee\/wp-content\/uploads\/2025\/05\/IMG_6015-1-768x431.jpg\" data-width=\"768\" data-height=\"431\" aria-label=\"\" role=\"img\" ><\/div>\n\t\t\t\t\t\t\t\t\t\t\t<div class=\"elementor-gallery-item__overlay\"><\/div>\n\t\t\t\t\t\t\t\t\t\t\t\t\t\t<\/a>\n\t\t\t\t\t\t\t<a class=\"e-gallery-item elementor-gallery-item elementor-animated-content\" href=\"https:\/\/fecc.ee\/wp-content\/uploads\/2025\/05\/IMG_5840-1-scaled.jpg\" data-elementor-open-lightbox=\"yes\" data-elementor-lightbox-slideshow=\"b7e38fb\" data-elementor-lightbox-title=\"IMG_5840\" data-e-action-hash=\"#elementor-action%3Aaction%3Dlightbox%26settings%3DeyJpZCI6MjQ3ODYsInVybCI6Imh0dHBzOlwvXC9mZWNjLmVlXC93cC1jb250ZW50XC91cGxvYWRzXC8yMDI1XC8wNVwvSU1HXzU4NDAtMS1zY2FsZWQuanBnIiwic2xpZGVzaG93IjoiYjdlMzhmYiJ9\">\n\t\t\t\t\t<div class=\"e-gallery-image elementor-gallery-item__image\" data-thumbnail=\"https:\/\/fecc.ee\/wp-content\/uploads\/2025\/05\/IMG_5840-1-768x512.jpg\" data-width=\"768\" data-height=\"512\" aria-label=\"\" role=\"img\" ><\/div>\n\t\t\t\t\t\t\t\t\t\t\t<div class=\"elementor-gallery-item__overlay\"><\/div>\n\t\t\t\t\t\t\t\t\t\t\t\t\t\t<\/a>\n\t\t\t\t\t\t\t<a class=\"e-gallery-item elementor-gallery-item elementor-animated-content\" href=\"https:\/\/fecc.ee\/wp-content\/uploads\/2025\/05\/IMG_5789-1-scaled.jpg\" data-elementor-open-lightbox=\"yes\" data-elementor-lightbox-slideshow=\"b7e38fb\" data-elementor-lightbox-title=\"IMG_5789\" data-e-action-hash=\"#elementor-action%3Aaction%3Dlightbox%26settings%3DeyJpZCI6MjQ3ODcsInVybCI6Imh0dHBzOlwvXC9mZWNjLmVlXC93cC1jb250ZW50XC91cGxvYWRzXC8yMDI1XC8wNVwvSU1HXzU3ODktMS1zY2FsZWQuanBnIiwic2xpZGVzaG93IjoiYjdlMzhmYiJ9\">\n\t\t\t\t\t<div class=\"e-gallery-image elementor-gallery-item__image\" data-thumbnail=\"https:\/\/fecc.ee\/wp-content\/uploads\/2025\/05\/IMG_5789-1-768x512.jpg\" data-width=\"768\" data-height=\"512\" aria-label=\"\" role=\"img\" ><\/div>\n\t\t\t\t\t\t\t\t\t\t\t<div class=\"elementor-gallery-item__overlay\"><\/div>\n\t\t\t\t\t\t\t\t\t\t\t\t\t\t<\/a>\n\t\t\t\t\t<\/div>\n\t\t\t\t\t<\/div>\n\t\t\t\t\t<\/div>\n\t\t\t\t<\/div>\n\t\t\t\t<\/div>","protected":false},"excerpt":{"rendered":"<p>Maakonnareis pakkus inspireerivaid kohtumisi ja kultuurielamusi V\u00f5rumaal ja Setomaal Eelmisel n\u00e4dalal toimus j\u00e4rjekordne traditsiooniline maakonnareis, mis viis osalejad seekord L\u00f5una-Eestisse \u2013 V\u00f5rumaale ja Setomaale. Reis pakkus&#8230;<\/p>","protected":false},"author":3,"featured_media":24791,"comment_status":"closed","ping_status":"open","sticky":false,"template":"","format":"standard","meta":{"_acf_changed":false,"footnotes":""},"categories":[111],"tags":[],"class_list":["post-24741","post","type-post","status-publish","format-standard","has-post-thumbnail","hentry","category-toimunud-syndmused"],"acf":[],"yoast_head":"<!-- This site is optimized with the Yoast SEO plugin v27.4 - https:\/\/yoast.com\/product\/yoast-seo-wordpress\/ -->\n<title>22-23.05.2025 Maakonnareis V\u00f5ru- ja Setomaale | Soome-Eesti Kaubanduskoda<\/title>\n<meta name=\"robots\" content=\"index, follow, max-snippet:-1, max-image-preview:large, max-video-preview:-1\" \/>\n<link rel=\"canonical\" href=\"https:\/\/fecc.ee\/fi\/22-23-05-2025-maakonnareis-voru-ja-setomaale\/\" \/>\n<meta property=\"og:locale\" content=\"fi_FI\" \/>\n<meta property=\"og:type\" content=\"article\" \/>\n<meta property=\"og:title\" content=\"22-23.05.2025 Maakonnareis V\u00f5ru- ja Setomaale | Soome-Eesti Kaubanduskoda\" \/>\n<meta property=\"og:description\" content=\"Maakonnareis pakkus inspireerivaid kohtumisi ja kultuurielamusi V\u00f5rumaal ja Setomaal Eelmisel n\u00e4dalal toimus j\u00e4rjekordne traditsiooniline maakonnareis, mis viis osalejad seekord L\u00f5una-Eestisse \u2013 V\u00f5rumaale ja Setomaale. Reis pakkus...\" \/>\n<meta property=\"og:url\" content=\"https:\/\/fecc.ee\/fi\/22-23-05-2025-maakonnareis-voru-ja-setomaale\/\" \/>\n<meta property=\"og:site_name\" content=\"Soome-Eesti Kaubanduskoda\" \/>\n<meta property=\"article:publisher\" content=\"https:\/\/www.facebook.com\/fecc.soomeeesti\/\" \/>\n<meta property=\"article:published_time\" content=\"2025-05-27T09:36:30+00:00\" \/>\n<meta property=\"article:modified_time\" content=\"2026-03-29T17:10:36+00:00\" \/>\n<meta property=\"og:image\" content=\"https:\/\/fecc.ee\/wp-content\/uploads\/2025\/05\/IMG_5760-1-scaled.jpg\" \/>\n\t<meta property=\"og:image:width\" content=\"2560\" \/>\n\t<meta property=\"og:image:height\" content=\"965\" \/>\n\t<meta property=\"og:image:type\" content=\"image\/jpeg\" \/>\n<meta name=\"author\" content=\"Jasmin Mursula\" \/>\n<meta name=\"twitter:card\" content=\"summary_large_image\" \/>\n<meta name=\"twitter:label1\" content=\"Kirjoittanut\" \/>\n\t<meta name=\"twitter:data1\" content=\"Jasmin Mursula\" \/>\n\t<meta name=\"twitter:label2\" content=\"Arvioitu lukuaika\" \/>\n\t<meta name=\"twitter:data2\" content=\"1 minuutti\" \/>\n<script type=\"application\/ld+json\" class=\"yoast-schema-graph\">{\"@context\":\"https:\\\/\\\/schema.org\",\"@graph\":[{\"@type\":\"Article\",\"@id\":\"https:\\\/\\\/fecc.ee\\\/22-23-05-2025-maakonnareis-voru-ja-setomaale\\\/#article\",\"isPartOf\":{\"@id\":\"https:\\\/\\\/fecc.ee\\\/22-23-05-2025-maakonnareis-voru-ja-setomaale\\\/\"},\"author\":{\"name\":\"Jasmin Mursula\",\"@id\":\"https:\\\/\\\/fecc.ee\\\/#\\\/schema\\\/person\\\/dfcce5953472ec5912e66be711f4e756\"},\"headline\":\"22-23.05.2025 Maakonnareis V\u00f5ru- ja Setomaale\",\"datePublished\":\"2025-05-27T09:36:30+00:00\",\"dateModified\":\"2026-03-29T17:10:36+00:00\",\"mainEntityOfPage\":{\"@id\":\"https:\\\/\\\/fecc.ee\\\/22-23-05-2025-maakonnareis-voru-ja-setomaale\\\/\"},\"wordCount\":187,\"publisher\":{\"@id\":\"https:\\\/\\\/fecc.ee\\\/#organization\"},\"image\":{\"@id\":\"https:\\\/\\\/fecc.ee\\\/22-23-05-2025-maakonnareis-voru-ja-setomaale\\\/#primaryimage\"},\"thumbnailUrl\":\"https:\\\/\\\/fecc.ee\\\/wp-content\\\/uploads\\\/2025\\\/05\\\/IMG_5760-1-scaled.jpg\",\"articleSection\":[\"toimunud s\u00fcndmused\"],\"inLanguage\":\"fi\"},{\"@type\":\"WebPage\",\"@id\":\"https:\\\/\\\/fecc.ee\\\/22-23-05-2025-maakonnareis-voru-ja-setomaale\\\/\",\"url\":\"https:\\\/\\\/fecc.ee\\\/22-23-05-2025-maakonnareis-voru-ja-setomaale\\\/\",\"name\":\"22-23.05.2025 Maakonnareis V\u00f5ru- ja Setomaale | Soome-Eesti Kaubanduskoda\",\"isPartOf\":{\"@id\":\"https:\\\/\\\/fecc.ee\\\/#website\"},\"primaryImageOfPage\":{\"@id\":\"https:\\\/\\\/fecc.ee\\\/22-23-05-2025-maakonnareis-voru-ja-setomaale\\\/#primaryimage\"},\"image\":{\"@id\":\"https:\\\/\\\/fecc.ee\\\/22-23-05-2025-maakonnareis-voru-ja-setomaale\\\/#primaryimage\"},\"thumbnailUrl\":\"https:\\\/\\\/fecc.ee\\\/wp-content\\\/uploads\\\/2025\\\/05\\\/IMG_5760-1-scaled.jpg\",\"datePublished\":\"2025-05-27T09:36:30+00:00\",\"dateModified\":\"2026-03-29T17:10:36+00:00\",\"breadcrumb\":{\"@id\":\"https:\\\/\\\/fecc.ee\\\/22-23-05-2025-maakonnareis-voru-ja-setomaale\\\/#breadcrumb\"},\"inLanguage\":\"fi\",\"potentialAction\":[{\"@type\":\"ReadAction\",\"target\":[\"https:\\\/\\\/fecc.ee\\\/22-23-05-2025-maakonnareis-voru-ja-setomaale\\\/\"]}]},{\"@type\":\"ImageObject\",\"inLanguage\":\"fi\",\"@id\":\"https:\\\/\\\/fecc.ee\\\/22-23-05-2025-maakonnareis-voru-ja-setomaale\\\/#primaryimage\",\"url\":\"https:\\\/\\\/fecc.ee\\\/wp-content\\\/uploads\\\/2025\\\/05\\\/IMG_5760-1-scaled.jpg\",\"contentUrl\":\"https:\\\/\\\/fecc.ee\\\/wp-content\\\/uploads\\\/2025\\\/05\\\/IMG_5760-1-scaled.jpg\",\"width\":2560,\"height\":965},{\"@type\":\"BreadcrumbList\",\"@id\":\"https:\\\/\\\/fecc.ee\\\/22-23-05-2025-maakonnareis-voru-ja-setomaale\\\/#breadcrumb\",\"itemListElement\":[{\"@type\":\"ListItem\",\"position\":1,\"name\":\"Home\",\"item\":\"https:\\\/\\\/fecc.ee\\\/\"},{\"@type\":\"ListItem\",\"position\":2,\"name\":\"22-23.05.2025 Maakonnareis V\u00f5ru- ja Setomaale\"}]},{\"@type\":\"WebSite\",\"@id\":\"https:\\\/\\\/fecc.ee\\\/#website\",\"url\":\"https:\\\/\\\/fecc.ee\\\/\",\"name\":\"Soome-Eesti Kaubanduskoda\",\"description\":\"Tere tulemast Soome-Eesti kaubanduskoja kodulehek\u00fcljele. Oleme suurim rahvusvaheline kaubanduskoda Eestis.\",\"publisher\":{\"@id\":\"https:\\\/\\\/fecc.ee\\\/#organization\"},\"potentialAction\":[{\"@type\":\"SearchAction\",\"target\":{\"@type\":\"EntryPoint\",\"urlTemplate\":\"https:\\\/\\\/fecc.ee\\\/?s={search_term_string}\"},\"query-input\":{\"@type\":\"PropertyValueSpecification\",\"valueRequired\":true,\"valueName\":\"search_term_string\"}}],\"inLanguage\":\"fi\"},{\"@type\":\"Organization\",\"@id\":\"https:\\\/\\\/fecc.ee\\\/#organization\",\"name\":\"Soome-Eesti Kaubanduskoda\",\"url\":\"https:\\\/\\\/fecc.ee\\\/\",\"logo\":{\"@type\":\"ImageObject\",\"inLanguage\":\"fi\",\"@id\":\"https:\\\/\\\/fecc.ee\\\/#\\\/schema\\\/logo\\\/image\\\/\",\"url\":\"https:\\\/\\\/fecc.ee\\\/wp-content\\\/uploads\\\/2025\\\/06\\\/FECC_Logo-1.png\",\"contentUrl\":\"https:\\\/\\\/fecc.ee\\\/wp-content\\\/uploads\\\/2025\\\/06\\\/FECC_Logo-1.png\",\"width\":944,\"height\":292,\"caption\":\"Soome-Eesti Kaubanduskoda\"},\"image\":{\"@id\":\"https:\\\/\\\/fecc.ee\\\/#\\\/schema\\\/logo\\\/image\\\/\"},\"sameAs\":[\"https:\\\/\\\/www.facebook.com\\\/fecc.soomeeesti\\\/\",\"https:\\\/\\\/www.linkedin.com\\\/company\\\/fecc-finnish-estonian-chamber-of-commerce\\\/\"]},{\"@type\":\"Person\",\"@id\":\"https:\\\/\\\/fecc.ee\\\/#\\\/schema\\\/person\\\/dfcce5953472ec5912e66be711f4e756\",\"name\":\"Jasmin Mursula\",\"image\":{\"@type\":\"ImageObject\",\"inLanguage\":\"fi\",\"@id\":\"https:\\\/\\\/secure.gravatar.com\\\/avatar\\\/62a3bdb1b9e7893a74e26b48896fd382ddb4a123448790f8cb8f175dad687780?s=96&d=mm&r=g\",\"url\":\"https:\\\/\\\/secure.gravatar.com\\\/avatar\\\/62a3bdb1b9e7893a74e26b48896fd382ddb4a123448790f8cb8f175dad687780?s=96&d=mm&r=g\",\"contentUrl\":\"https:\\\/\\\/secure.gravatar.com\\\/avatar\\\/62a3bdb1b9e7893a74e26b48896fd382ddb4a123448790f8cb8f175dad687780?s=96&d=mm&r=g\",\"caption\":\"Jasmin Mursula\"},\"url\":\"https:\\\/\\\/fecc.ee\\\/fi\\\/author\\\/fecc\\\/\"}]}<\/script>\n<!-- \/ Yoast SEO plugin. -->","yoast_head_json":{"title":"22-23.05.2025 Maakonnareis V\u00f5ru- ja Setomaale | Soome-Eesti Kaubanduskoda","robots":{"index":"index","follow":"follow","max-snippet":"max-snippet:-1","max-image-preview":"max-image-preview:large","max-video-preview":"max-video-preview:-1"},"canonical":"https:\/\/fecc.ee\/fi\/22-23-05-2025-maakonnareis-voru-ja-setomaale\/","og_locale":"fi_FI","og_type":"article","og_title":"22-23.05.2025 Maakonnareis V\u00f5ru- ja Setomaale | Soome-Eesti Kaubanduskoda","og_description":"Maakonnareis pakkus inspireerivaid kohtumisi ja kultuurielamusi V\u00f5rumaal ja Setomaal Eelmisel n\u00e4dalal toimus j\u00e4rjekordne traditsiooniline maakonnareis, mis viis osalejad seekord L\u00f5una-Eestisse \u2013 V\u00f5rumaale ja Setomaale. Reis pakkus...","og_url":"https:\/\/fecc.ee\/fi\/22-23-05-2025-maakonnareis-voru-ja-setomaale\/","og_site_name":"Soome-Eesti Kaubanduskoda","article_publisher":"https:\/\/www.facebook.com\/fecc.soomeeesti\/","article_published_time":"2025-05-27T09:36:30+00:00","article_modified_time":"2026-03-29T17:10:36+00:00","og_image":[{"width":2560,"height":965,"url":"https:\/\/fecc.ee\/wp-content\/uploads\/2025\/05\/IMG_5760-1-scaled.jpg","type":"image\/jpeg"}],"author":"Jasmin Mursula","twitter_card":"summary_large_image","twitter_misc":{"Kirjoittanut":"Jasmin Mursula","Arvioitu lukuaika":"1 minuutti"},"schema":{"@context":"https:\/\/schema.org","@graph":[{"@type":"Article","@id":"https:\/\/fecc.ee\/22-23-05-2025-maakonnareis-voru-ja-setomaale\/#article","isPartOf":{"@id":"https:\/\/fecc.ee\/22-23-05-2025-maakonnareis-voru-ja-setomaale\/"},"author":{"name":"Jasmin Mursula","@id":"https:\/\/fecc.ee\/#\/schema\/person\/dfcce5953472ec5912e66be711f4e756"},"headline":"22-23.05.2025 Maakonnareis V\u00f5ru- ja Setomaale","datePublished":"2025-05-27T09:36:30+00:00","dateModified":"2026-03-29T17:10:36+00:00","mainEntityOfPage":{"@id":"https:\/\/fecc.ee\/22-23-05-2025-maakonnareis-voru-ja-setomaale\/"},"wordCount":187,"publisher":{"@id":"https:\/\/fecc.ee\/#organization"},"image":{"@id":"https:\/\/fecc.ee\/22-23-05-2025-maakonnareis-voru-ja-setomaale\/#primaryimage"},"thumbnailUrl":"https:\/\/fecc.ee\/wp-content\/uploads\/2025\/05\/IMG_5760-1-scaled.jpg","articleSection":["toimunud s\u00fcndmused"],"inLanguage":"fi"},{"@type":"WebPage","@id":"https:\/\/fecc.ee\/22-23-05-2025-maakonnareis-voru-ja-setomaale\/","url":"https:\/\/fecc.ee\/22-23-05-2025-maakonnareis-voru-ja-setomaale\/","name":"22-23.05.2025 Maakonnareis V\u00f5ru- ja Setomaale | Soome-Eesti Kaubanduskoda","isPartOf":{"@id":"https:\/\/fecc.ee\/#website"},"primaryImageOfPage":{"@id":"https:\/\/fecc.ee\/22-23-05-2025-maakonnareis-voru-ja-setomaale\/#primaryimage"},"image":{"@id":"https:\/\/fecc.ee\/22-23-05-2025-maakonnareis-voru-ja-setomaale\/#primaryimage"},"thumbnailUrl":"https:\/\/fecc.ee\/wp-content\/uploads\/2025\/05\/IMG_5760-1-scaled.jpg","datePublished":"2025-05-27T09:36:30+00:00","dateModified":"2026-03-29T17:10:36+00:00","breadcrumb":{"@id":"https:\/\/fecc.ee\/22-23-05-2025-maakonnareis-voru-ja-setomaale\/#breadcrumb"},"inLanguage":"fi","potentialAction":[{"@type":"ReadAction","target":["https:\/\/fecc.ee\/22-23-05-2025-maakonnareis-voru-ja-setomaale\/"]}]},{"@type":"ImageObject","inLanguage":"fi","@id":"https:\/\/fecc.ee\/22-23-05-2025-maakonnareis-voru-ja-setomaale\/#primaryimage","url":"https:\/\/fecc.ee\/wp-content\/uploads\/2025\/05\/IMG_5760-1-scaled.jpg","contentUrl":"https:\/\/fecc.ee\/wp-content\/uploads\/2025\/05\/IMG_5760-1-scaled.jpg","width":2560,"height":965},{"@type":"BreadcrumbList","@id":"https:\/\/fecc.ee\/22-23-05-2025-maakonnareis-voru-ja-setomaale\/#breadcrumb","itemListElement":[{"@type":"ListItem","position":1,"name":"Home","item":"https:\/\/fecc.ee\/"},{"@type":"ListItem","position":2,"name":"22-23.05.2025 Maakonnareis V\u00f5ru- ja Setomaale"}]},{"@type":"WebSite","@id":"https:\/\/fecc.ee\/#website","url":"https:\/\/fecc.ee\/","name":"Suomalais-Virolainen Kauppakamari","description":"Tere tulemast Soome-Eesti kaubanduskoja kodulehek\u00fcljele. Oleme suurim rahvusvaheline kaubanduskoda Eestis.","publisher":{"@id":"https:\/\/fecc.ee\/#organization"},"potentialAction":[{"@type":"SearchAction","target":{"@type":"EntryPoint","urlTemplate":"https:\/\/fecc.ee\/?s={search_term_string}"},"query-input":{"@type":"PropertyValueSpecification","valueRequired":true,"valueName":"search_term_string"}}],"inLanguage":"fi"},{"@type":"Organization","@id":"https:\/\/fecc.ee\/#organization","name":"Suomalais-Virolainen Kauppakamari","url":"https:\/\/fecc.ee\/","logo":{"@type":"ImageObject","inLanguage":"fi","@id":"https:\/\/fecc.ee\/#\/schema\/logo\/image\/","url":"https:\/\/fecc.ee\/wp-content\/uploads\/2025\/06\/FECC_Logo-1.png","contentUrl":"https:\/\/fecc.ee\/wp-content\/uploads\/2025\/06\/FECC_Logo-1.png","width":944,"height":292,"caption":"Soome-Eesti Kaubanduskoda"},"image":{"@id":"https:\/\/fecc.ee\/#\/schema\/logo\/image\/"},"sameAs":["https:\/\/www.facebook.com\/fecc.soomeeesti\/","https:\/\/www.linkedin.com\/company\/fecc-finnish-estonian-chamber-of-commerce\/"]},{"@type":"Person","@id":"https:\/\/fecc.ee\/#\/schema\/person\/dfcce5953472ec5912e66be711f4e756","name":"Jasmin Mursula","image":{"@type":"ImageObject","inLanguage":"fi","@id":"https:\/\/secure.gravatar.com\/avatar\/62a3bdb1b9e7893a74e26b48896fd382ddb4a123448790f8cb8f175dad687780?s=96&d=mm&r=g","url":"https:\/\/secure.gravatar.com\/avatar\/62a3bdb1b9e7893a74e26b48896fd382ddb4a123448790f8cb8f175dad687780?s=96&d=mm&r=g","contentUrl":"https:\/\/secure.gravatar.com\/avatar\/62a3bdb1b9e7893a74e26b48896fd382ddb4a123448790f8cb8f175dad687780?s=96&d=mm&r=g","caption":"Jasmin Mursula"},"url":"https:\/\/fecc.ee\/fi\/author\/fecc\/"}]}},"_links":{"self":[{"href":"https:\/\/fecc.ee\/fi\/wp-json\/wp\/v2\/posts\/24741","targetHints":{"allow":["GET"]}}],"collection":[{"href":"https:\/\/fecc.ee\/fi\/wp-json\/wp\/v2\/posts"}],"about":[{"href":"https:\/\/fecc.ee\/fi\/wp-json\/wp\/v2\/types\/post"}],"author":[{"embeddable":true,"href":"https:\/\/fecc.ee\/fi\/wp-json\/wp\/v2\/users\/3"}],"replies":[{"embeddable":true,"href":"https:\/\/fecc.ee\/fi\/wp-json\/wp\/v2\/comments?post=24741"}],"version-history":[{"count":9,"href":"https:\/\/fecc.ee\/fi\/wp-json\/wp\/v2\/posts\/24741\/revisions"}],"predecessor-version":[{"id":26358,"href":"https:\/\/fecc.ee\/fi\/wp-json\/wp\/v2\/posts\/24741\/revisions\/26358"}],"wp:featuredmedia":[{"embeddable":true,"href":"https:\/\/fecc.ee\/fi\/wp-json\/wp\/v2\/media\/24791"}],"wp:attachment":[{"href":"https:\/\/fecc.ee\/fi\/wp-json\/wp\/v2\/media?parent=24741"}],"wp:term":[{"taxonomy":"category","embeddable":true,"href":"https:\/\/fecc.ee\/fi\/wp-json\/wp\/v2\/categories?post=24741"},{"taxonomy":"post_tag","embeddable":true,"href":"https:\/\/fecc.ee\/fi\/wp-json\/wp\/v2\/tags?post=24741"}],"curies":[{"name":"wp","href":"https:\/\/api.w.org\/{rel}","templated":true}]}}