{"id":24817,"date":"2025-06-16T18:23:12","date_gmt":"2025-06-16T16:23:12","guid":{"rendered":"https:\/\/fecc.ee\/?p=24817"},"modified":"2026-03-29T19:06:54","modified_gmt":"2026-03-29T17:06:54","slug":"13-06-2025-fecc-grillipidu","status":"publish","type":"post","link":"https:\/\/fecc.ee\/fi\/13-06-2025-fecc-grillipidu\/","title":{"rendered":"13.06.2025 FECC Grillijuhla"},"content":{"rendered":"<div data-elementor-type=\"wp-post\" data-elementor-id=\"24817\" class=\"elementor elementor-24817\" data-elementor-post-type=\"post\">\n\t\t\t\t<div class=\"elementor-element elementor-element-a0617a0 e-flex e-con-boxed e-con e-parent\" data-id=\"a0617a0\" data-element_type=\"container\" data-e-type=\"container\">\n\t\t\t\t\t<div class=\"e-con-inner\">\n\t\t\t\t<div class=\"elementor-element elementor-element-c806a0d elementor-widget elementor-widget-text-editor\" data-id=\"c806a0d\" data-element_type=\"widget\" data-e-type=\"widget\" data-widget_type=\"text-editor.default\">\n\t\t\t\t\t\t\t\t\t<p>Viime perjantaina Viimsi Spa -ravintolassa j\u00e4rjestettiin <strong>FECC:n perinteinen grillijuhla<\/strong>, joka kokosi yhteen suuren joukon vieraita toivottamaan kes\u00e4n tervetulleeksi. Ilta tarjosi jokaiselle jotakin \u2013 el\u00e4v\u00e4\u00e4 musiikkia, kulinaarisia nautintoja, nokkelaa viihdett\u00e4 ja runsaasti iloa.<\/p>\n<p>Illan musiikillisesta tunnelmasta vastasi <strong>Joosep J\u00e4rve Trio<\/strong>, jonka energinen esiintyminen loi l\u00e4mminhenkisen ja el\u00e4v\u00e4n ilmapiirin. Juontaja <strong>Tauri Tallermaa<\/strong> piti tunnelman korkealla koko illan ajan \u2013 h\u00e4nen johdollaan k\u00e4ytiin sek\u00e4 <strong>tietovisa<\/strong> ett\u00e4 <strong>grilliaiheinen visailu<\/strong>, joissa mitattiin niin tiet\u00e4myst\u00e4 kuin huumorintajua.<\/p>\n<p>Yksi illan suosituimmista ohjelmanumeroista oli <strong>paperilentokoneiden lenn\u00e4tys<\/strong>, joka toi mukaan rutkasti naurua ja hyv\u00e4ntuulista kilpailua.<\/p>\n<p>Iltaan mahtui my\u00f6s kiinnostava vierasesiintyminen: lavalle nousi <strong>Grillfest ry:n edustaja Auris R\u00e4tsep<\/strong>jonka humoristinen esitys yhdisti lavakarismaa ja tarinoita <strong>historian k\u00e4tk\u00f6ist\u00e4.<\/strong><\/p>\n<p>Runsaan ohjelman lis\u00e4ksi keski\u00f6ss\u00e4 olivat tietenkin <strong>herkullinen grillimenu ja virkist\u00e4v\u00e4t juomat<\/strong>, jotka ker\u00e4siv\u00e4t paljon kiitosta osallistujilta.<\/p>\n<p>Kaiken kaikkiaan FECC:n grillijuhla oli t\u00e4ydellinen esimerkki siit\u00e4, <strong>kuinka hyv\u00e4 ruoka, el\u00e4v\u00e4 musiikki ja viihdytt\u00e4v\u00e4 seura tekev\u00e4t illasta ikimuistoisen<\/strong> \u2013 juuri n\u00e4in kes\u00e4 voi alkaa.<\/p>\t\t\t\t\t\t\t\t<\/div>\n\t\t\t\t<div class=\"elementor-element elementor-element-2fc24a1 elementor-widget elementor-widget-gallery\" data-id=\"2fc24a1\" data-element_type=\"widget\" data-e-type=\"widget\" data-settings=\"{&quot;gallery_layout&quot;:&quot;justified&quot;,&quot;ideal_row_height&quot;:{&quot;unit&quot;:&quot;px&quot;,&quot;size&quot;:160,&quot;sizes&quot;:[]},&quot;gap&quot;:{&quot;unit&quot;:&quot;px&quot;,&quot;size&quot;:16,&quot;sizes&quot;:[]},&quot;overlay_description&quot;:&quot;caption&quot;,&quot;lazyload&quot;:&quot;yes&quot;,&quot;ideal_row_height_tablet&quot;:{&quot;unit&quot;:&quot;px&quot;,&quot;size&quot;:150,&quot;sizes&quot;:[]},&quot;ideal_row_height_mobile&quot;:{&quot;unit&quot;:&quot;px&quot;,&quot;size&quot;:150,&quot;sizes&quot;:[]},&quot;gap_tablet&quot;:{&quot;unit&quot;:&quot;px&quot;,&quot;size&quot;:10,&quot;sizes&quot;:[]},&quot;gap_mobile&quot;:{&quot;unit&quot;:&quot;px&quot;,&quot;size&quot;:10,&quot;sizes&quot;:[]},&quot;link_to&quot;:&quot;file&quot;,&quot;overlay_background&quot;:&quot;yes&quot;,&quot;content_hover_animation&quot;:&quot;fade-in&quot;}\" data-widget_type=\"gallery.default\">\n\t\t\t\t\t\t\t<div class=\"elementor-gallery__container\">\n\t\t\t\t\t\t\t<a class=\"e-gallery-item elementor-gallery-item elementor-animated-content\" href=\"https:\/\/fecc.ee\/wp-content\/uploads\/2025\/06\/AS20250613FECC_002-scaled.jpg\" data-elementor-open-lightbox=\"yes\" data-elementor-lightbox-slideshow=\"2fc24a1\" data-elementor-lightbox-title=\"FECC grillpidu \/ grillijuhlat, 13.06.2025 \/\/ Foto \/ Kuva: Ardo S\u00e4ks\" data-e-action-hash=\"#elementor-action%3Aaction%3Dlightbox%26settings%3DeyJpZCI6MjQ4MzYsInVybCI6Imh0dHBzOlwvXC9mZWNjLmVlXC93cC1jb250ZW50XC91cGxvYWRzXC8yMDI1XC8wNlwvQVMyMDI1MDYxM0ZFQ0NfMDAyLXNjYWxlZC5qcGciLCJzbGlkZXNob3ciOiIyZmMyNGExIn0%3D\">\n\t\t\t\t\t<div class=\"e-gallery-image elementor-gallery-item__image\" data-thumbnail=\"https:\/\/fecc.ee\/wp-content\/uploads\/2025\/06\/AS20250613FECC_002-768x512.jpg\" data-width=\"768\" data-height=\"512\" aria-label=\"\" role=\"img\" ><\/div>\n\t\t\t\t\t\t\t\t\t\t\t<div class=\"elementor-gallery-item__overlay\"><\/div>\n\t\t\t\t\t\t\t\t\t\t\t\t\t\t\t<div class=\"elementor-gallery-item__content\">\n\t\t\t\t\t\t\t\t\t\t\t\t\t\t<div class=\"elementor-gallery-item__description\">\n\t\t\t\t\t\t\t\t\t\t\t\t\t\t\t\t\t\tFECC grillpidu \/ grillijuhlat, 13.06.2025 \/\/ Foto \/ Kuva: Ardo S\u00e4ks\t\t\t\t\t\t\t\t<\/div>\n\t\t\t\t\t\t\t\t\t\t\t\t<\/div>\n\t\t\t\t\t\t\t\t\t<\/a>\n\t\t\t\t\t\t\t<a class=\"e-gallery-item elementor-gallery-item elementor-animated-content\" href=\"https:\/\/fecc.ee\/wp-content\/uploads\/2025\/06\/AS20250613FECC_009-scaled.jpg\" data-elementor-open-lightbox=\"yes\" data-elementor-lightbox-slideshow=\"2fc24a1\" data-elementor-lightbox-title=\"FECC grillpidu \/ grillijuhlat, 13.06.2025 \/\/ Foto \/ Kuva: Ardo S\u00e4ks\" data-e-action-hash=\"#elementor-action%3Aaction%3Dlightbox%26settings%3DeyJpZCI6MjQ4MzUsInVybCI6Imh0dHBzOlwvXC9mZWNjLmVlXC93cC1jb250ZW50XC91cGxvYWRzXC8yMDI1XC8wNlwvQVMyMDI1MDYxM0ZFQ0NfMDA5LXNjYWxlZC5qcGciLCJzbGlkZXNob3ciOiIyZmMyNGExIn0%3D\">\n\t\t\t\t\t<div class=\"e-gallery-image elementor-gallery-item__image\" data-thumbnail=\"https:\/\/fecc.ee\/wp-content\/uploads\/2025\/06\/AS20250613FECC_009-768x512.jpg\" data-width=\"768\" data-height=\"512\" aria-label=\"\" role=\"img\" ><\/div>\n\t\t\t\t\t\t\t\t\t\t\t<div class=\"elementor-gallery-item__overlay\"><\/div>\n\t\t\t\t\t\t\t\t\t\t\t\t\t\t\t<div class=\"elementor-gallery-item__content\">\n\t\t\t\t\t\t\t\t\t\t\t\t\t\t<div class=\"elementor-gallery-item__description\">\n\t\t\t\t\t\t\t\t\t\t\t\t\t\t\t\t\t\tFECC grillpidu \/ grillijuhlat, 13.06.2025 \/\/ Foto \/ Kuva: Ardo S\u00e4ks\t\t\t\t\t\t\t\t<\/div>\n\t\t\t\t\t\t\t\t\t\t\t\t<\/div>\n\t\t\t\t\t\t\t\t\t<\/a>\n\t\t\t\t\t\t\t<a class=\"e-gallery-item elementor-gallery-item elementor-animated-content\" href=\"https:\/\/fecc.ee\/wp-content\/uploads\/2025\/06\/AS20250613FECC_057-scaled.jpg\" data-elementor-open-lightbox=\"yes\" data-elementor-lightbox-slideshow=\"2fc24a1\" data-elementor-lightbox-title=\"FECC grillpidu \/ grillijuhlat, 13.06.2025 \/\/ Foto \/ Kuva: Ardo S\u00e4ks\" data-e-action-hash=\"#elementor-action%3Aaction%3Dlightbox%26settings%3DeyJpZCI6MjQ4MzQsInVybCI6Imh0dHBzOlwvXC9mZWNjLmVlXC93cC1jb250ZW50XC91cGxvYWRzXC8yMDI1XC8wNlwvQVMyMDI1MDYxM0ZFQ0NfMDU3LXNjYWxlZC5qcGciLCJzbGlkZXNob3ciOiIyZmMyNGExIn0%3D\">\n\t\t\t\t\t<div class=\"e-gallery-image elementor-gallery-item__image\" data-thumbnail=\"https:\/\/fecc.ee\/wp-content\/uploads\/2025\/06\/AS20250613FECC_057-768x512.jpg\" data-width=\"768\" data-height=\"512\" aria-label=\"\" role=\"img\" ><\/div>\n\t\t\t\t\t\t\t\t\t\t\t<div class=\"elementor-gallery-item__overlay\"><\/div>\n\t\t\t\t\t\t\t\t\t\t\t\t\t\t\t<div class=\"elementor-gallery-item__content\">\n\t\t\t\t\t\t\t\t\t\t\t\t\t\t<div class=\"elementor-gallery-item__description\">\n\t\t\t\t\t\t\t\t\t\t\t\t\t\t\t\t\t\tFECC grillpidu \/ grillijuhlat, 13.06.2025 \/\/ Foto \/ Kuva: Ardo S\u00e4ks\t\t\t\t\t\t\t\t<\/div>\n\t\t\t\t\t\t\t\t\t\t\t\t<\/div>\n\t\t\t\t\t\t\t\t\t<\/a>\n\t\t\t\t\t\t\t<a class=\"e-gallery-item elementor-gallery-item elementor-animated-content\" href=\"https:\/\/fecc.ee\/wp-content\/uploads\/2025\/06\/AS20250613FECC_080-scaled.jpg\" data-elementor-open-lightbox=\"yes\" data-elementor-lightbox-slideshow=\"2fc24a1\" data-elementor-lightbox-title=\"FECC grillpidu \/ grillijuhlat, 13.06.2025 \/\/ Foto \/ Kuva: Ardo S\u00e4ks\" data-e-action-hash=\"#elementor-action%3Aaction%3Dlightbox%26settings%3DeyJpZCI6MjQ4MzMsInVybCI6Imh0dHBzOlwvXC9mZWNjLmVlXC93cC1jb250ZW50XC91cGxvYWRzXC8yMDI1XC8wNlwvQVMyMDI1MDYxM0ZFQ0NfMDgwLXNjYWxlZC5qcGciLCJzbGlkZXNob3ciOiIyZmMyNGExIn0%3D\">\n\t\t\t\t\t<div class=\"e-gallery-image elementor-gallery-item__image\" data-thumbnail=\"https:\/\/fecc.ee\/wp-content\/uploads\/2025\/06\/AS20250613FECC_080-768x512.jpg\" data-width=\"768\" data-height=\"512\" aria-label=\"\" role=\"img\" ><\/div>\n\t\t\t\t\t\t\t\t\t\t\t<div class=\"elementor-gallery-item__overlay\"><\/div>\n\t\t\t\t\t\t\t\t\t\t\t\t\t\t\t<div class=\"elementor-gallery-item__content\">\n\t\t\t\t\t\t\t\t\t\t\t\t\t\t<div class=\"elementor-gallery-item__description\">\n\t\t\t\t\t\t\t\t\t\t\t\t\t\t\t\t\t\tFECC grillpidu \/ grillijuhlat, 13.06.2025 \/\/ Foto \/ Kuva: Ardo S\u00e4ks\t\t\t\t\t\t\t\t<\/div>\n\t\t\t\t\t\t\t\t\t\t\t\t<\/div>\n\t\t\t\t\t\t\t\t\t<\/a>\n\t\t\t\t\t\t\t<a class=\"e-gallery-item elementor-gallery-item elementor-animated-content\" href=\"https:\/\/fecc.ee\/wp-content\/uploads\/2025\/06\/AS20250613FECC_089-scaled.jpg\" data-elementor-open-lightbox=\"yes\" data-elementor-lightbox-slideshow=\"2fc24a1\" data-elementor-lightbox-title=\"FECC grillpidu \/ grillijuhlat, 13.06.2025 \/\/ Foto \/ Kuva: Ardo S\u00e4ks\" data-e-action-hash=\"#elementor-action%3Aaction%3Dlightbox%26settings%3DeyJpZCI6MjQ4MzIsInVybCI6Imh0dHBzOlwvXC9mZWNjLmVlXC93cC1jb250ZW50XC91cGxvYWRzXC8yMDI1XC8wNlwvQVMyMDI1MDYxM0ZFQ0NfMDg5LXNjYWxlZC5qcGciLCJzbGlkZXNob3ciOiIyZmMyNGExIn0%3D\">\n\t\t\t\t\t<div class=\"e-gallery-image elementor-gallery-item__image\" data-thumbnail=\"https:\/\/fecc.ee\/wp-content\/uploads\/2025\/06\/AS20250613FECC_089-768x432.jpg\" data-width=\"768\" data-height=\"432\" aria-label=\"\" role=\"img\" ><\/div>\n\t\t\t\t\t\t\t\t\t\t\t<div class=\"elementor-gallery-item__overlay\"><\/div>\n\t\t\t\t\t\t\t\t\t\t\t\t\t\t\t<div class=\"elementor-gallery-item__content\">\n\t\t\t\t\t\t\t\t\t\t\t\t\t\t<div class=\"elementor-gallery-item__description\">\n\t\t\t\t\t\t\t\t\t\t\t\t\t\t\t\t\t\tFECC grillpidu \/ grillijuhlat, 13.06.2025 \/\/ Foto \/ Kuva: Ardo S\u00e4ks\t\t\t\t\t\t\t\t<\/div>\n\t\t\t\t\t\t\t\t\t\t\t\t<\/div>\n\t\t\t\t\t\t\t\t\t<\/a>\n\t\t\t\t\t\t\t<a class=\"e-gallery-item elementor-gallery-item elementor-animated-content\" href=\"https:\/\/fecc.ee\/wp-content\/uploads\/2025\/06\/AS20250613FECC_214-scaled.jpg\" data-elementor-open-lightbox=\"yes\" data-elementor-lightbox-slideshow=\"2fc24a1\" data-elementor-lightbox-title=\"FECC grillpidu \/ grillijuhlat, 13.06.2025 \/\/ Foto \/ Kuva: Ardo S\u00e4ks\" data-e-action-hash=\"#elementor-action%3Aaction%3Dlightbox%26settings%3DeyJpZCI6MjQ4MjcsInVybCI6Imh0dHBzOlwvXC9mZWNjLmVlXC93cC1jb250ZW50XC91cGxvYWRzXC8yMDI1XC8wNlwvQVMyMDI1MDYxM0ZFQ0NfMjE0LXNjYWxlZC5qcGciLCJzbGlkZXNob3ciOiIyZmMyNGExIn0%3D\">\n\t\t\t\t\t<div class=\"e-gallery-image elementor-gallery-item__image\" data-thumbnail=\"https:\/\/fecc.ee\/wp-content\/uploads\/2025\/06\/AS20250613FECC_214-768x512.jpg\" data-width=\"768\" data-height=\"512\" aria-label=\"\" role=\"img\" ><\/div>\n\t\t\t\t\t\t\t\t\t\t\t<div class=\"elementor-gallery-item__overlay\"><\/div>\n\t\t\t\t\t\t\t\t\t\t\t\t\t\t\t<div class=\"elementor-gallery-item__content\">\n\t\t\t\t\t\t\t\t\t\t\t\t\t\t<div class=\"elementor-gallery-item__description\">\n\t\t\t\t\t\t\t\t\t\t\t\t\t\t\t\t\t\tFECC grillpidu \/ grillijuhlat, 13.06.2025 \/\/ Foto \/ Kuva: Ardo S\u00e4ks\t\t\t\t\t\t\t\t<\/div>\n\t\t\t\t\t\t\t\t\t\t\t\t<\/div>\n\t\t\t\t\t\t\t\t\t<\/a>\n\t\t\t\t\t\t\t<a class=\"e-gallery-item elementor-gallery-item elementor-animated-content\" href=\"https:\/\/fecc.ee\/wp-content\/uploads\/2025\/06\/AS20250613FECC_203-scaled.jpg\" data-elementor-open-lightbox=\"yes\" data-elementor-lightbox-slideshow=\"2fc24a1\" data-elementor-lightbox-title=\"FECC grillpidu \/ grillijuhlat, 13.06.2025 \/\/ Foto \/ Kuva: Ardo S\u00e4ks\" data-e-action-hash=\"#elementor-action%3Aaction%3Dlightbox%26settings%3DeyJpZCI6MjQ4MjgsInVybCI6Imh0dHBzOlwvXC9mZWNjLmVlXC93cC1jb250ZW50XC91cGxvYWRzXC8yMDI1XC8wNlwvQVMyMDI1MDYxM0ZFQ0NfMjAzLXNjYWxlZC5qcGciLCJzbGlkZXNob3ciOiIyZmMyNGExIn0%3D\">\n\t\t\t\t\t<div class=\"e-gallery-image elementor-gallery-item__image\" data-thumbnail=\"https:\/\/fecc.ee\/wp-content\/uploads\/2025\/06\/AS20250613FECC_203-768x512.jpg\" data-width=\"768\" data-height=\"512\" aria-label=\"\" role=\"img\" ><\/div>\n\t\t\t\t\t\t\t\t\t\t\t<div class=\"elementor-gallery-item__overlay\"><\/div>\n\t\t\t\t\t\t\t\t\t\t\t\t\t\t\t<div class=\"elementor-gallery-item__content\">\n\t\t\t\t\t\t\t\t\t\t\t\t\t\t<div class=\"elementor-gallery-item__description\">\n\t\t\t\t\t\t\t\t\t\t\t\t\t\t\t\t\t\tFECC grillpidu \/ grillijuhlat, 13.06.2025 \/\/ Foto \/ Kuva: Ardo S\u00e4ks\t\t\t\t\t\t\t\t<\/div>\n\t\t\t\t\t\t\t\t\t\t\t\t<\/div>\n\t\t\t\t\t\t\t\t\t<\/a>\n\t\t\t\t\t\t\t<a class=\"e-gallery-item elementor-gallery-item elementor-animated-content\" href=\"https:\/\/fecc.ee\/wp-content\/uploads\/2025\/06\/AS20250613FECC_170-scaled.jpg\" data-elementor-open-lightbox=\"yes\" data-elementor-lightbox-slideshow=\"2fc24a1\" data-elementor-lightbox-title=\"FECC grillpidu \/ grillijuhlat, 13.06.2025 \/\/ Foto \/ Kuva: Ardo S\u00e4ks\" data-e-action-hash=\"#elementor-action%3Aaction%3Dlightbox%26settings%3DeyJpZCI6MjQ4MjksInVybCI6Imh0dHBzOlwvXC9mZWNjLmVlXC93cC1jb250ZW50XC91cGxvYWRzXC8yMDI1XC8wNlwvQVMyMDI1MDYxM0ZFQ0NfMTcwLXNjYWxlZC5qcGciLCJzbGlkZXNob3ciOiIyZmMyNGExIn0%3D\">\n\t\t\t\t\t<div class=\"e-gallery-image elementor-gallery-item__image\" data-thumbnail=\"https:\/\/fecc.ee\/wp-content\/uploads\/2025\/06\/AS20250613FECC_170-768x512.jpg\" data-width=\"768\" data-height=\"512\" aria-label=\"\" role=\"img\" ><\/div>\n\t\t\t\t\t\t\t\t\t\t\t<div class=\"elementor-gallery-item__overlay\"><\/div>\n\t\t\t\t\t\t\t\t\t\t\t\t\t\t\t<div class=\"elementor-gallery-item__content\">\n\t\t\t\t\t\t\t\t\t\t\t\t\t\t<div class=\"elementor-gallery-item__description\">\n\t\t\t\t\t\t\t\t\t\t\t\t\t\t\t\t\t\tFECC grillpidu \/ grillijuhlat, 13.06.2025 \/\/ Foto \/ Kuva: Ardo S\u00e4ks\t\t\t\t\t\t\t\t<\/div>\n\t\t\t\t\t\t\t\t\t\t\t\t<\/div>\n\t\t\t\t\t\t\t\t\t<\/a>\n\t\t\t\t\t\t\t<a class=\"e-gallery-item elementor-gallery-item elementor-animated-content\" href=\"https:\/\/fecc.ee\/wp-content\/uploads\/2025\/06\/AS20250613FECC_098-scaled.jpg\" data-elementor-open-lightbox=\"yes\" data-elementor-lightbox-slideshow=\"2fc24a1\" data-elementor-lightbox-title=\"FECC grillpidu \/ grillijuhlat, 13.06.2025 \/\/ Foto \/ Kuva: Ardo S\u00e4ks\" data-e-action-hash=\"#elementor-action%3Aaction%3Dlightbox%26settings%3DeyJpZCI6MjQ4MzAsInVybCI6Imh0dHBzOlwvXC9mZWNjLmVlXC93cC1jb250ZW50XC91cGxvYWRzXC8yMDI1XC8wNlwvQVMyMDI1MDYxM0ZFQ0NfMDk4LXNjYWxlZC5qcGciLCJzbGlkZXNob3ciOiIyZmMyNGExIn0%3D\">\n\t\t\t\t\t<div class=\"e-gallery-image elementor-gallery-item__image\" data-thumbnail=\"https:\/\/fecc.ee\/wp-content\/uploads\/2025\/06\/AS20250613FECC_098-768x512.jpg\" data-width=\"768\" data-height=\"512\" aria-label=\"\" role=\"img\" ><\/div>\n\t\t\t\t\t\t\t\t\t\t\t<div class=\"elementor-gallery-item__overlay\"><\/div>\n\t\t\t\t\t\t\t\t\t\t\t\t\t\t\t<div class=\"elementor-gallery-item__content\">\n\t\t\t\t\t\t\t\t\t\t\t\t\t\t<div class=\"elementor-gallery-item__description\">\n\t\t\t\t\t\t\t\t\t\t\t\t\t\t\t\t\t\tFECC grillpidu \/ grillijuhlat, 13.06.2025 \/\/ Foto \/ Kuva: Ardo S\u00e4ks\t\t\t\t\t\t\t\t<\/div>\n\t\t\t\t\t\t\t\t\t\t\t\t<\/div>\n\t\t\t\t\t\t\t\t\t<\/a>\n\t\t\t\t\t\t\t<a class=\"e-gallery-item elementor-gallery-item elementor-animated-content\" href=\"https:\/\/fecc.ee\/wp-content\/uploads\/2025\/06\/AS20250613FECC_085-scaled.jpg\" data-elementor-open-lightbox=\"yes\" data-elementor-lightbox-slideshow=\"2fc24a1\" data-elementor-lightbox-title=\"FECC grillpidu \/ grillijuhlat, 13.06.2025 \/\/ Foto \/ Kuva: Ardo S\u00e4ks\" data-e-action-hash=\"#elementor-action%3Aaction%3Dlightbox%26settings%3DeyJpZCI6MjQ4MzEsInVybCI6Imh0dHBzOlwvXC9mZWNjLmVlXC93cC1jb250ZW50XC91cGxvYWRzXC8yMDI1XC8wNlwvQVMyMDI1MDYxM0ZFQ0NfMDg1LXNjYWxlZC5qcGciLCJzbGlkZXNob3ciOiIyZmMyNGExIn0%3D\">\n\t\t\t\t\t<div class=\"e-gallery-image elementor-gallery-item__image\" data-thumbnail=\"https:\/\/fecc.ee\/wp-content\/uploads\/2025\/06\/AS20250613FECC_085-768x512.jpg\" data-width=\"768\" data-height=\"512\" aria-label=\"\" role=\"img\" ><\/div>\n\t\t\t\t\t\t\t\t\t\t\t<div class=\"elementor-gallery-item__overlay\"><\/div>\n\t\t\t\t\t\t\t\t\t\t\t\t\t\t\t<div class=\"elementor-gallery-item__content\">\n\t\t\t\t\t\t\t\t\t\t\t\t\t\t<div class=\"elementor-gallery-item__description\">\n\t\t\t\t\t\t\t\t\t\t\t\t\t\t\t\t\t\tFECC grillpidu \/ grillijuhlat, 13.06.2025 \/\/ Foto \/ Kuva: Ardo S\u00e4ks\t\t\t\t\t\t\t\t<\/div>\n\t\t\t\t\t\t\t\t\t\t\t\t<\/div>\n\t\t\t\t\t\t\t\t\t<\/a>\n\t\t\t\t\t\t\t<a class=\"e-gallery-item elementor-gallery-item elementor-animated-content\" href=\"https:\/\/fecc.ee\/wp-content\/uploads\/2025\/06\/AS20250613FECC_222-scaled.jpg\" data-elementor-open-lightbox=\"yes\" data-elementor-lightbox-slideshow=\"2fc24a1\" data-elementor-lightbox-title=\"FECC grillpidu \/ grillijuhlat, 13.06.2025 \/\/ Foto \/ Kuva: Ardo S\u00e4ks\" data-e-action-hash=\"#elementor-action%3Aaction%3Dlightbox%26settings%3DeyJpZCI6MjQ4MjYsInVybCI6Imh0dHBzOlwvXC9mZWNjLmVlXC93cC1jb250ZW50XC91cGxvYWRzXC8yMDI1XC8wNlwvQVMyMDI1MDYxM0ZFQ0NfMjIyLXNjYWxlZC5qcGciLCJzbGlkZXNob3ciOiIyZmMyNGExIn0%3D\">\n\t\t\t\t\t<div class=\"e-gallery-image elementor-gallery-item__image\" data-thumbnail=\"https:\/\/fecc.ee\/wp-content\/uploads\/2025\/06\/AS20250613FECC_222-768x512.jpg\" data-width=\"768\" data-height=\"512\" aria-label=\"\" role=\"img\" ><\/div>\n\t\t\t\t\t\t\t\t\t\t\t<div class=\"elementor-gallery-item__overlay\"><\/div>\n\t\t\t\t\t\t\t\t\t\t\t\t\t\t\t<div class=\"elementor-gallery-item__content\">\n\t\t\t\t\t\t\t\t\t\t\t\t\t\t<div class=\"elementor-gallery-item__description\">\n\t\t\t\t\t\t\t\t\t\t\t\t\t\t\t\t\t\tFECC grillpidu \/ grillijuhlat, 13.06.2025 \/\/ Foto \/ Kuva: Ardo S\u00e4ks\t\t\t\t\t\t\t\t<\/div>\n\t\t\t\t\t\t\t\t\t\t\t\t<\/div>\n\t\t\t\t\t\t\t\t\t<\/a>\n\t\t\t\t\t\t\t<a class=\"e-gallery-item elementor-gallery-item elementor-animated-content\" href=\"https:\/\/fecc.ee\/wp-content\/uploads\/2025\/06\/AS20250613FECC_341-scaled.jpg\" data-elementor-open-lightbox=\"yes\" data-elementor-lightbox-slideshow=\"2fc24a1\" data-elementor-lightbox-title=\"FECC grillpidu \/ grillijuhlat, 13.06.2025 \/\/ Foto \/ Kuva: Ardo S\u00e4ks\" data-e-action-hash=\"#elementor-action%3Aaction%3Dlightbox%26settings%3DeyJpZCI6MjQ4MjEsInVybCI6Imh0dHBzOlwvXC9mZWNjLmVlXC93cC1jb250ZW50XC91cGxvYWRzXC8yMDI1XC8wNlwvQVMyMDI1MDYxM0ZFQ0NfMzQxLXNjYWxlZC5qcGciLCJzbGlkZXNob3ciOiIyZmMyNGExIn0%3D\">\n\t\t\t\t\t<div class=\"e-gallery-image elementor-gallery-item__image\" data-thumbnail=\"https:\/\/fecc.ee\/wp-content\/uploads\/2025\/06\/AS20250613FECC_341-768x512.jpg\" data-width=\"768\" data-height=\"512\" aria-label=\"\" role=\"img\" ><\/div>\n\t\t\t\t\t\t\t\t\t\t\t<div class=\"elementor-gallery-item__overlay\"><\/div>\n\t\t\t\t\t\t\t\t\t\t\t\t\t\t\t<div class=\"elementor-gallery-item__content\">\n\t\t\t\t\t\t\t\t\t\t\t\t\t\t<div class=\"elementor-gallery-item__description\">\n\t\t\t\t\t\t\t\t\t\t\t\t\t\t\t\t\t\tFECC grillpidu \/ grillijuhlat, 13.06.2025 \/\/ Foto \/ Kuva: Ardo S\u00e4ks\t\t\t\t\t\t\t\t<\/div>\n\t\t\t\t\t\t\t\t\t\t\t\t<\/div>\n\t\t\t\t\t\t\t\t\t<\/a>\n\t\t\t\t\t\t\t<a class=\"e-gallery-item elementor-gallery-item elementor-animated-content\" href=\"https:\/\/fecc.ee\/wp-content\/uploads\/2025\/06\/AS20250613FECC_354-scaled.jpg\" data-elementor-open-lightbox=\"yes\" data-elementor-lightbox-slideshow=\"2fc24a1\" data-elementor-lightbox-title=\"FECC grillpidu \/ grillijuhlat, 13.06.2025 \/\/ Foto \/ Kuva: Ardo S\u00e4ks\" data-e-action-hash=\"#elementor-action%3Aaction%3Dlightbox%26settings%3DeyJpZCI6MjQ4MjAsInVybCI6Imh0dHBzOlwvXC9mZWNjLmVlXC93cC1jb250ZW50XC91cGxvYWRzXC8yMDI1XC8wNlwvQVMyMDI1MDYxM0ZFQ0NfMzU0LXNjYWxlZC5qcGciLCJzbGlkZXNob3ciOiIyZmMyNGExIn0%3D\">\n\t\t\t\t\t<div class=\"e-gallery-image elementor-gallery-item__image\" data-thumbnail=\"https:\/\/fecc.ee\/wp-content\/uploads\/2025\/06\/AS20250613FECC_354-768x512.jpg\" data-width=\"768\" data-height=\"512\" aria-label=\"\" role=\"img\" ><\/div>\n\t\t\t\t\t\t\t\t\t\t\t<div class=\"elementor-gallery-item__overlay\"><\/div>\n\t\t\t\t\t\t\t\t\t\t\t\t\t\t\t<div class=\"elementor-gallery-item__content\">\n\t\t\t\t\t\t\t\t\t\t\t\t\t\t<div class=\"elementor-gallery-item__description\">\n\t\t\t\t\t\t\t\t\t\t\t\t\t\t\t\t\t\tFECC grillpidu \/ grillijuhlat, 13.06.2025 \/\/ Foto \/ Kuva: Ardo S\u00e4ks\t\t\t\t\t\t\t\t<\/div>\n\t\t\t\t\t\t\t\t\t\t\t\t<\/div>\n\t\t\t\t\t\t\t\t\t<\/a>\n\t\t\t\t\t\t\t<a class=\"e-gallery-item elementor-gallery-item elementor-animated-content\" href=\"https:\/\/fecc.ee\/wp-content\/uploads\/2025\/06\/AS20250613FECC_281-scaled.jpg\" data-elementor-open-lightbox=\"yes\" data-elementor-lightbox-slideshow=\"2fc24a1\" data-elementor-lightbox-title=\"FECC grillpidu \/ grillijuhlat, 13.06.2025 \/\/ Foto \/ Kuva: Ardo S\u00e4ks\" data-e-action-hash=\"#elementor-action%3Aaction%3Dlightbox%26settings%3DeyJpZCI6MjQ4MjQsInVybCI6Imh0dHBzOlwvXC9mZWNjLmVlXC93cC1jb250ZW50XC91cGxvYWRzXC8yMDI1XC8wNlwvQVMyMDI1MDYxM0ZFQ0NfMjgxLXNjYWxlZC5qcGciLCJzbGlkZXNob3ciOiIyZmMyNGExIn0%3D\">\n\t\t\t\t\t<div class=\"e-gallery-image elementor-gallery-item__image\" data-thumbnail=\"https:\/\/fecc.ee\/wp-content\/uploads\/2025\/06\/AS20250613FECC_281-768x512.jpg\" data-width=\"768\" data-height=\"512\" aria-label=\"\" role=\"img\" ><\/div>\n\t\t\t\t\t\t\t\t\t\t\t<div class=\"elementor-gallery-item__overlay\"><\/div>\n\t\t\t\t\t\t\t\t\t\t\t\t\t\t\t<div class=\"elementor-gallery-item__content\">\n\t\t\t\t\t\t\t\t\t\t\t\t\t\t<div class=\"elementor-gallery-item__description\">\n\t\t\t\t\t\t\t\t\t\t\t\t\t\t\t\t\t\tFECC grillpidu \/ grillijuhlat, 13.06.2025 \/\/ Foto \/ Kuva: Ardo S\u00e4ks\t\t\t\t\t\t\t\t<\/div>\n\t\t\t\t\t\t\t\t\t\t\t\t<\/div>\n\t\t\t\t\t\t\t\t\t<\/a>\n\t\t\t\t\t\t\t<a class=\"e-gallery-item elementor-gallery-item elementor-animated-content\" href=\"https:\/\/fecc.ee\/wp-content\/uploads\/2025\/06\/AS20250613FECC_386-scaled.jpg\" data-elementor-open-lightbox=\"yes\" data-elementor-lightbox-slideshow=\"2fc24a1\" data-elementor-lightbox-title=\"FECC grillpidu \/ grillijuhlat, 13.06.2025 \/\/ Foto \/ Kuva: Ardo S\u00e4ks\" data-e-action-hash=\"#elementor-action%3Aaction%3Dlightbox%26settings%3DeyJpZCI6MjQ4MTgsInVybCI6Imh0dHBzOlwvXC9mZWNjLmVlXC93cC1jb250ZW50XC91cGxvYWRzXC8yMDI1XC8wNlwvQVMyMDI1MDYxM0ZFQ0NfMzg2LXNjYWxlZC5qcGciLCJzbGlkZXNob3ciOiIyZmMyNGExIn0%3D\">\n\t\t\t\t\t<div class=\"e-gallery-image elementor-gallery-item__image\" data-thumbnail=\"https:\/\/fecc.ee\/wp-content\/uploads\/2025\/06\/AS20250613FECC_386-768x512.jpg\" data-width=\"768\" data-height=\"512\" aria-label=\"\" role=\"img\" ><\/div>\n\t\t\t\t\t\t\t\t\t\t\t<div class=\"elementor-gallery-item__overlay\"><\/div>\n\t\t\t\t\t\t\t\t\t\t\t\t\t\t\t<div class=\"elementor-gallery-item__content\">\n\t\t\t\t\t\t\t\t\t\t\t\t\t\t<div class=\"elementor-gallery-item__description\">\n\t\t\t\t\t\t\t\t\t\t\t\t\t\t\t\t\t\tFECC grillpidu \/ grillijuhlat, 13.06.2025 \/\/ Foto \/ Kuva: Ardo S\u00e4ks\t\t\t\t\t\t\t\t<\/div>\n\t\t\t\t\t\t\t\t\t\t\t\t<\/div>\n\t\t\t\t\t\t\t\t\t<\/a>\n\t\t\t\t\t\t\t<a class=\"e-gallery-item elementor-gallery-item elementor-animated-content\" href=\"https:\/\/fecc.ee\/wp-content\/uploads\/2025\/06\/AS20250613FECC_328-scaled.jpg\" data-elementor-open-lightbox=\"yes\" data-elementor-lightbox-slideshow=\"2fc24a1\" data-elementor-lightbox-title=\"FECC grillpidu \/ grillijuhlat, 13.06.2025 \/\/ Foto \/ Kuva: Ardo S\u00e4ks\" data-e-action-hash=\"#elementor-action%3Aaction%3Dlightbox%26settings%3DeyJpZCI6MjQ4MjIsInVybCI6Imh0dHBzOlwvXC9mZWNjLmVlXC93cC1jb250ZW50XC91cGxvYWRzXC8yMDI1XC8wNlwvQVMyMDI1MDYxM0ZFQ0NfMzI4LXNjYWxlZC5qcGciLCJzbGlkZXNob3ciOiIyZmMyNGExIn0%3D\">\n\t\t\t\t\t<div class=\"e-gallery-image elementor-gallery-item__image\" data-thumbnail=\"https:\/\/fecc.ee\/wp-content\/uploads\/2025\/06\/AS20250613FECC_328-768x512.jpg\" data-width=\"768\" data-height=\"512\" aria-label=\"\" role=\"img\" ><\/div>\n\t\t\t\t\t\t\t\t\t\t\t<div class=\"elementor-gallery-item__overlay\"><\/div>\n\t\t\t\t\t\t\t\t\t\t\t\t\t\t\t<div class=\"elementor-gallery-item__content\">\n\t\t\t\t\t\t\t\t\t\t\t\t\t\t<div class=\"elementor-gallery-item__description\">\n\t\t\t\t\t\t\t\t\t\t\t\t\t\t\t\t\t\tFECC grillpidu \/ grillijuhlat, 13.06.2025 \/\/ Foto \/ Kuva: Ardo S\u00e4ks\t\t\t\t\t\t\t\t<\/div>\n\t\t\t\t\t\t\t\t\t\t\t\t<\/div>\n\t\t\t\t\t\t\t\t\t<\/a>\n\t\t\t\t\t<\/div>\n\t\t\t\t\t<\/div>\n\t\t\t\t\t<\/div>\n\t\t\t\t<\/div>\n\t\t\t\t<\/div>","protected":false},"excerpt":{"rendered":"<p>Eelmisel reedel toimus Viimsi Spa restoranis FECCi traditsiooniline grillipidu, mis t\u00f5i kokku suure hulga k\u00fclalisi, et \u00fchiselt tervitada suve algust. \u00d5htu pakkus k\u00f5igile midagi \u2013 elavat muusikat, kulinaarseid elamusi, nutikat&#8230;<\/p>","protected":false},"author":3,"featured_media":24834,"comment_status":"open","ping_status":"open","sticky":false,"template":"","format":"standard","meta":{"_acf_changed":false,"footnotes":""},"categories":[111],"tags":[],"class_list":["post-24817","post","type-post","status-publish","format-standard","has-post-thumbnail","hentry","category-toimunud-syndmused"],"acf":[],"yoast_head":"<!-- This site is optimized with the Yoast SEO plugin v27.4 - https:\/\/yoast.com\/product\/yoast-seo-wordpress\/ -->\n<title>13.06.2025 FECC Grillipidu | Soome-Eesti Kaubanduskoda<\/title>\n<meta name=\"robots\" content=\"index, follow, max-snippet:-1, max-image-preview:large, max-video-preview:-1\" \/>\n<link rel=\"canonical\" href=\"https:\/\/fecc.ee\/fi\/13-06-2025-fecc-grillipidu\/\" \/>\n<meta property=\"og:locale\" content=\"fi_FI\" \/>\n<meta property=\"og:type\" content=\"article\" \/>\n<meta property=\"og:title\" content=\"13.06.2025 FECC Grillipidu | Soome-Eesti Kaubanduskoda\" \/>\n<meta property=\"og:description\" content=\"Eelmisel reedel toimus Viimsi Spa restoranis FECCi traditsiooniline grillipidu, mis t\u00f5i kokku suure hulga k\u00fclalisi, et \u00fchiselt tervitada suve algust. \u00d5htu pakkus k\u00f5igile midagi \u2013 elavat muusikat, kulinaarseid elamusi, nutikat...\" \/>\n<meta property=\"og:url\" content=\"https:\/\/fecc.ee\/fi\/13-06-2025-fecc-grillipidu\/\" \/>\n<meta property=\"og:site_name\" content=\"Soome-Eesti Kaubanduskoda\" \/>\n<meta property=\"article:publisher\" content=\"https:\/\/www.facebook.com\/fecc.soomeeesti\/\" \/>\n<meta property=\"article:published_time\" content=\"2025-06-16T16:23:12+00:00\" \/>\n<meta property=\"article:modified_time\" content=\"2026-03-29T17:06:54+00:00\" \/>\n<meta property=\"og:image\" content=\"https:\/\/fecc.ee\/wp-content\/uploads\/2025\/06\/AS20250613FECC_057-scaled.jpg\" \/>\n\t<meta property=\"og:image:width\" content=\"2560\" \/>\n\t<meta property=\"og:image:height\" content=\"1707\" \/>\n\t<meta property=\"og:image:type\" content=\"image\/jpeg\" \/>\n<meta name=\"author\" content=\"Jasmin Mursula\" \/>\n<meta name=\"twitter:card\" content=\"summary_large_image\" \/>\n<meta name=\"twitter:label1\" content=\"Kirjoittanut\" \/>\n\t<meta name=\"twitter:data1\" content=\"Jasmin Mursula\" \/>\n\t<meta name=\"twitter:label2\" content=\"Arvioitu lukuaika\" \/>\n\t<meta name=\"twitter:data2\" content=\"1 minuutti\" \/>\n<script type=\"application\/ld+json\" class=\"yoast-schema-graph\">{\"@context\":\"https:\\\/\\\/schema.org\",\"@graph\":[{\"@type\":\"Article\",\"@id\":\"https:\\\/\\\/fecc.ee\\\/13-06-2025-fecc-grillipidu\\\/#article\",\"isPartOf\":{\"@id\":\"https:\\\/\\\/fecc.ee\\\/13-06-2025-fecc-grillipidu\\\/\"},\"author\":{\"name\":\"Jasmin Mursula\",\"@id\":\"https:\\\/\\\/fecc.ee\\\/#\\\/schema\\\/person\\\/dfcce5953472ec5912e66be711f4e756\"},\"headline\":\"13.06.2025 FECC Grillipidu\",\"datePublished\":\"2025-06-16T16:23:12+00:00\",\"dateModified\":\"2026-03-29T17:06:54+00:00\",\"mainEntityOfPage\":{\"@id\":\"https:\\\/\\\/fecc.ee\\\/13-06-2025-fecc-grillipidu\\\/\"},\"wordCount\":297,\"commentCount\":0,\"publisher\":{\"@id\":\"https:\\\/\\\/fecc.ee\\\/#organization\"},\"image\":{\"@id\":\"https:\\\/\\\/fecc.ee\\\/13-06-2025-fecc-grillipidu\\\/#primaryimage\"},\"thumbnailUrl\":\"https:\\\/\\\/fecc.ee\\\/wp-content\\\/uploads\\\/2025\\\/06\\\/AS20250613FECC_057-scaled.jpg\",\"articleSection\":[\"toimunud s\u00fcndmused\"],\"inLanguage\":\"fi\",\"potentialAction\":[{\"@type\":\"CommentAction\",\"name\":\"Comment\",\"target\":[\"https:\\\/\\\/fecc.ee\\\/13-06-2025-fecc-grillipidu\\\/#respond\"]}]},{\"@type\":\"WebPage\",\"@id\":\"https:\\\/\\\/fecc.ee\\\/13-06-2025-fecc-grillipidu\\\/\",\"url\":\"https:\\\/\\\/fecc.ee\\\/13-06-2025-fecc-grillipidu\\\/\",\"name\":\"13.06.2025 FECC Grillipidu | Soome-Eesti Kaubanduskoda\",\"isPartOf\":{\"@id\":\"https:\\\/\\\/fecc.ee\\\/#website\"},\"primaryImageOfPage\":{\"@id\":\"https:\\\/\\\/fecc.ee\\\/13-06-2025-fecc-grillipidu\\\/#primaryimage\"},\"image\":{\"@id\":\"https:\\\/\\\/fecc.ee\\\/13-06-2025-fecc-grillipidu\\\/#primaryimage\"},\"thumbnailUrl\":\"https:\\\/\\\/fecc.ee\\\/wp-content\\\/uploads\\\/2025\\\/06\\\/AS20250613FECC_057-scaled.jpg\",\"datePublished\":\"2025-06-16T16:23:12+00:00\",\"dateModified\":\"2026-03-29T17:06:54+00:00\",\"breadcrumb\":{\"@id\":\"https:\\\/\\\/fecc.ee\\\/13-06-2025-fecc-grillipidu\\\/#breadcrumb\"},\"inLanguage\":\"fi\",\"potentialAction\":[{\"@type\":\"ReadAction\",\"target\":[\"https:\\\/\\\/fecc.ee\\\/13-06-2025-fecc-grillipidu\\\/\"]}]},{\"@type\":\"ImageObject\",\"inLanguage\":\"fi\",\"@id\":\"https:\\\/\\\/fecc.ee\\\/13-06-2025-fecc-grillipidu\\\/#primaryimage\",\"url\":\"https:\\\/\\\/fecc.ee\\\/wp-content\\\/uploads\\\/2025\\\/06\\\/AS20250613FECC_057-scaled.jpg\",\"contentUrl\":\"https:\\\/\\\/fecc.ee\\\/wp-content\\\/uploads\\\/2025\\\/06\\\/AS20250613FECC_057-scaled.jpg\",\"width\":2560,\"height\":1707,\"caption\":\"FECC grillpidu \\\/ grillijuhlat, 13.06.2025 \\\/\\\/ Foto \\\/ Kuva: Ardo S\u00e4ks\"},{\"@type\":\"BreadcrumbList\",\"@id\":\"https:\\\/\\\/fecc.ee\\\/13-06-2025-fecc-grillipidu\\\/#breadcrumb\",\"itemListElement\":[{\"@type\":\"ListItem\",\"position\":1,\"name\":\"Home\",\"item\":\"https:\\\/\\\/fecc.ee\\\/\"},{\"@type\":\"ListItem\",\"position\":2,\"name\":\"13.06.2025 FECC Grillipidu\"}]},{\"@type\":\"WebSite\",\"@id\":\"https:\\\/\\\/fecc.ee\\\/#website\",\"url\":\"https:\\\/\\\/fecc.ee\\\/\",\"name\":\"Soome-Eesti Kaubanduskoda\",\"description\":\"Tere tulemast Soome-Eesti kaubanduskoja kodulehek\u00fcljele. Oleme suurim rahvusvaheline kaubanduskoda Eestis.\",\"publisher\":{\"@id\":\"https:\\\/\\\/fecc.ee\\\/#organization\"},\"potentialAction\":[{\"@type\":\"SearchAction\",\"target\":{\"@type\":\"EntryPoint\",\"urlTemplate\":\"https:\\\/\\\/fecc.ee\\\/?s={search_term_string}\"},\"query-input\":{\"@type\":\"PropertyValueSpecification\",\"valueRequired\":true,\"valueName\":\"search_term_string\"}}],\"inLanguage\":\"fi\"},{\"@type\":\"Organization\",\"@id\":\"https:\\\/\\\/fecc.ee\\\/#organization\",\"name\":\"Soome-Eesti Kaubanduskoda\",\"url\":\"https:\\\/\\\/fecc.ee\\\/\",\"logo\":{\"@type\":\"ImageObject\",\"inLanguage\":\"fi\",\"@id\":\"https:\\\/\\\/fecc.ee\\\/#\\\/schema\\\/logo\\\/image\\\/\",\"url\":\"https:\\\/\\\/fecc.ee\\\/wp-content\\\/uploads\\\/2025\\\/06\\\/FECC_Logo-1.png\",\"contentUrl\":\"https:\\\/\\\/fecc.ee\\\/wp-content\\\/uploads\\\/2025\\\/06\\\/FECC_Logo-1.png\",\"width\":944,\"height\":292,\"caption\":\"Soome-Eesti Kaubanduskoda\"},\"image\":{\"@id\":\"https:\\\/\\\/fecc.ee\\\/#\\\/schema\\\/logo\\\/image\\\/\"},\"sameAs\":[\"https:\\\/\\\/www.facebook.com\\\/fecc.soomeeesti\\\/\",\"https:\\\/\\\/www.linkedin.com\\\/company\\\/fecc-finnish-estonian-chamber-of-commerce\\\/\"]},{\"@type\":\"Person\",\"@id\":\"https:\\\/\\\/fecc.ee\\\/#\\\/schema\\\/person\\\/dfcce5953472ec5912e66be711f4e756\",\"name\":\"Jasmin Mursula\",\"image\":{\"@type\":\"ImageObject\",\"inLanguage\":\"fi\",\"@id\":\"https:\\\/\\\/secure.gravatar.com\\\/avatar\\\/62a3bdb1b9e7893a74e26b48896fd382ddb4a123448790f8cb8f175dad687780?s=96&d=mm&r=g\",\"url\":\"https:\\\/\\\/secure.gravatar.com\\\/avatar\\\/62a3bdb1b9e7893a74e26b48896fd382ddb4a123448790f8cb8f175dad687780?s=96&d=mm&r=g\",\"contentUrl\":\"https:\\\/\\\/secure.gravatar.com\\\/avatar\\\/62a3bdb1b9e7893a74e26b48896fd382ddb4a123448790f8cb8f175dad687780?s=96&d=mm&r=g\",\"caption\":\"Jasmin Mursula\"},\"url\":\"https:\\\/\\\/fecc.ee\\\/fi\\\/author\\\/fecc\\\/\"}]}<\/script>\n<!-- \/ Yoast SEO plugin. -->","yoast_head_json":{"title":"13.06.2025 FECC Grillipidu | Soome-Eesti Kaubanduskoda","robots":{"index":"index","follow":"follow","max-snippet":"max-snippet:-1","max-image-preview":"max-image-preview:large","max-video-preview":"max-video-preview:-1"},"canonical":"https:\/\/fecc.ee\/fi\/13-06-2025-fecc-grillipidu\/","og_locale":"fi_FI","og_type":"article","og_title":"13.06.2025 FECC Grillipidu | Soome-Eesti Kaubanduskoda","og_description":"Eelmisel reedel toimus Viimsi Spa restoranis FECCi traditsiooniline grillipidu, mis t\u00f5i kokku suure hulga k\u00fclalisi, et \u00fchiselt tervitada suve algust. \u00d5htu pakkus k\u00f5igile midagi \u2013 elavat muusikat, kulinaarseid elamusi, nutikat...","og_url":"https:\/\/fecc.ee\/fi\/13-06-2025-fecc-grillipidu\/","og_site_name":"Soome-Eesti Kaubanduskoda","article_publisher":"https:\/\/www.facebook.com\/fecc.soomeeesti\/","article_published_time":"2025-06-16T16:23:12+00:00","article_modified_time":"2026-03-29T17:06:54+00:00","og_image":[{"width":2560,"height":1707,"url":"https:\/\/fecc.ee\/wp-content\/uploads\/2025\/06\/AS20250613FECC_057-scaled.jpg","type":"image\/jpeg"}],"author":"Jasmin Mursula","twitter_card":"summary_large_image","twitter_misc":{"Kirjoittanut":"Jasmin Mursula","Arvioitu lukuaika":"1 minuutti"},"schema":{"@context":"https:\/\/schema.org","@graph":[{"@type":"Article","@id":"https:\/\/fecc.ee\/13-06-2025-fecc-grillipidu\/#article","isPartOf":{"@id":"https:\/\/fecc.ee\/13-06-2025-fecc-grillipidu\/"},"author":{"name":"Jasmin Mursula","@id":"https:\/\/fecc.ee\/#\/schema\/person\/dfcce5953472ec5912e66be711f4e756"},"headline":"13.06.2025 FECC Grillipidu","datePublished":"2025-06-16T16:23:12+00:00","dateModified":"2026-03-29T17:06:54+00:00","mainEntityOfPage":{"@id":"https:\/\/fecc.ee\/13-06-2025-fecc-grillipidu\/"},"wordCount":297,"commentCount":0,"publisher":{"@id":"https:\/\/fecc.ee\/#organization"},"image":{"@id":"https:\/\/fecc.ee\/13-06-2025-fecc-grillipidu\/#primaryimage"},"thumbnailUrl":"https:\/\/fecc.ee\/wp-content\/uploads\/2025\/06\/AS20250613FECC_057-scaled.jpg","articleSection":["toimunud s\u00fcndmused"],"inLanguage":"fi","potentialAction":[{"@type":"CommentAction","name":"Comment","target":["https:\/\/fecc.ee\/13-06-2025-fecc-grillipidu\/#respond"]}]},{"@type":"WebPage","@id":"https:\/\/fecc.ee\/13-06-2025-fecc-grillipidu\/","url":"https:\/\/fecc.ee\/13-06-2025-fecc-grillipidu\/","name":"13.06.2025 FECC Grillipidu | Soome-Eesti Kaubanduskoda","isPartOf":{"@id":"https:\/\/fecc.ee\/#website"},"primaryImageOfPage":{"@id":"https:\/\/fecc.ee\/13-06-2025-fecc-grillipidu\/#primaryimage"},"image":{"@id":"https:\/\/fecc.ee\/13-06-2025-fecc-grillipidu\/#primaryimage"},"thumbnailUrl":"https:\/\/fecc.ee\/wp-content\/uploads\/2025\/06\/AS20250613FECC_057-scaled.jpg","datePublished":"2025-06-16T16:23:12+00:00","dateModified":"2026-03-29T17:06:54+00:00","breadcrumb":{"@id":"https:\/\/fecc.ee\/13-06-2025-fecc-grillipidu\/#breadcrumb"},"inLanguage":"fi","potentialAction":[{"@type":"ReadAction","target":["https:\/\/fecc.ee\/13-06-2025-fecc-grillipidu\/"]}]},{"@type":"ImageObject","inLanguage":"fi","@id":"https:\/\/fecc.ee\/13-06-2025-fecc-grillipidu\/#primaryimage","url":"https:\/\/fecc.ee\/wp-content\/uploads\/2025\/06\/AS20250613FECC_057-scaled.jpg","contentUrl":"https:\/\/fecc.ee\/wp-content\/uploads\/2025\/06\/AS20250613FECC_057-scaled.jpg","width":2560,"height":1707,"caption":"FECC grillpidu \/ grillijuhlat, 13.06.2025 \/\/ Foto \/ Kuva: Ardo S\u00e4ks"},{"@type":"BreadcrumbList","@id":"https:\/\/fecc.ee\/13-06-2025-fecc-grillipidu\/#breadcrumb","itemListElement":[{"@type":"ListItem","position":1,"name":"Home","item":"https:\/\/fecc.ee\/"},{"@type":"ListItem","position":2,"name":"13.06.2025 FECC Grillipidu"}]},{"@type":"WebSite","@id":"https:\/\/fecc.ee\/#website","url":"https:\/\/fecc.ee\/","name":"Suomalais-Virolainen Kauppakamari","description":"Tere tulemast Soome-Eesti kaubanduskoja kodulehek\u00fcljele. Oleme suurim rahvusvaheline kaubanduskoda Eestis.","publisher":{"@id":"https:\/\/fecc.ee\/#organization"},"potentialAction":[{"@type":"SearchAction","target":{"@type":"EntryPoint","urlTemplate":"https:\/\/fecc.ee\/?s={search_term_string}"},"query-input":{"@type":"PropertyValueSpecification","valueRequired":true,"valueName":"search_term_string"}}],"inLanguage":"fi"},{"@type":"Organization","@id":"https:\/\/fecc.ee\/#organization","name":"Suomalais-Virolainen Kauppakamari","url":"https:\/\/fecc.ee\/","logo":{"@type":"ImageObject","inLanguage":"fi","@id":"https:\/\/fecc.ee\/#\/schema\/logo\/image\/","url":"https:\/\/fecc.ee\/wp-content\/uploads\/2025\/06\/FECC_Logo-1.png","contentUrl":"https:\/\/fecc.ee\/wp-content\/uploads\/2025\/06\/FECC_Logo-1.png","width":944,"height":292,"caption":"Soome-Eesti Kaubanduskoda"},"image":{"@id":"https:\/\/fecc.ee\/#\/schema\/logo\/image\/"},"sameAs":["https:\/\/www.facebook.com\/fecc.soomeeesti\/","https:\/\/www.linkedin.com\/company\/fecc-finnish-estonian-chamber-of-commerce\/"]},{"@type":"Person","@id":"https:\/\/fecc.ee\/#\/schema\/person\/dfcce5953472ec5912e66be711f4e756","name":"Jasmin Mursula","image":{"@type":"ImageObject","inLanguage":"fi","@id":"https:\/\/secure.gravatar.com\/avatar\/62a3bdb1b9e7893a74e26b48896fd382ddb4a123448790f8cb8f175dad687780?s=96&d=mm&r=g","url":"https:\/\/secure.gravatar.com\/avatar\/62a3bdb1b9e7893a74e26b48896fd382ddb4a123448790f8cb8f175dad687780?s=96&d=mm&r=g","contentUrl":"https:\/\/secure.gravatar.com\/avatar\/62a3bdb1b9e7893a74e26b48896fd382ddb4a123448790f8cb8f175dad687780?s=96&d=mm&r=g","caption":"Jasmin Mursula"},"url":"https:\/\/fecc.ee\/fi\/author\/fecc\/"}]}},"_links":{"self":[{"href":"https:\/\/fecc.ee\/fi\/wp-json\/wp\/v2\/posts\/24817","targetHints":{"allow":["GET"]}}],"collection":[{"href":"https:\/\/fecc.ee\/fi\/wp-json\/wp\/v2\/posts"}],"about":[{"href":"https:\/\/fecc.ee\/fi\/wp-json\/wp\/v2\/types\/post"}],"author":[{"embeddable":true,"href":"https:\/\/fecc.ee\/fi\/wp-json\/wp\/v2\/users\/3"}],"replies":[{"embeddable":true,"href":"https:\/\/fecc.ee\/fi\/wp-json\/wp\/v2\/comments?post=24817"}],"version-history":[{"count":8,"href":"https:\/\/fecc.ee\/fi\/wp-json\/wp\/v2\/posts\/24817\/revisions"}],"predecessor-version":[{"id":26355,"href":"https:\/\/fecc.ee\/fi\/wp-json\/wp\/v2\/posts\/24817\/revisions\/26355"}],"wp:featuredmedia":[{"embeddable":true,"href":"https:\/\/fecc.ee\/fi\/wp-json\/wp\/v2\/media\/24834"}],"wp:attachment":[{"href":"https:\/\/fecc.ee\/fi\/wp-json\/wp\/v2\/media?parent=24817"}],"wp:term":[{"taxonomy":"category","embeddable":true,"href":"https:\/\/fecc.ee\/fi\/wp-json\/wp\/v2\/categories?post=24817"},{"taxonomy":"post_tag","embeddable":true,"href":"https:\/\/fecc.ee\/fi\/wp-json\/wp\/v2\/tags?post=24817"}],"curies":[{"name":"wp","href":"https:\/\/api.w.org\/{rel}","templated":true}]}}