{"id":25224,"date":"2025-09-12T08:57:09","date_gmt":"2025-09-12T06:57:09","guid":{"rendered":"https:\/\/fecc.ee\/?p=25224"},"modified":"2026-03-29T18:58:50","modified_gmt":"2026-03-29T16:58:50","slug":"05-09-2025-fecc-vahipidu","status":"publish","type":"post","link":"https:\/\/fecc.ee\/fi\/05-09-2025-fecc-vahipidu\/","title":{"rendered":"05.09.2025 FECC Rapujuhla"},"content":{"rendered":"<p>Viime viikolla p\u00e4\u00e4timme kes\u00e4kauden perinteisten rapujuhlien merkeiss\u00e4. <\/p>\n\n\n\n<p>P\u00e4iv\u00e4\u00e4n mahtui PROTO:n interaktiivisen n\u00e4yttelyn el\u00e4myksi\u00e4, herkullista ruokaa, hyv\u00e4\u00e4 seuraa sek\u00e4 livemusiikkia.<\/p>\n\n\n\n<p>Kiitos kaikille mukana olleille! \ud83d\ude4c\ud83e\udd9e<br><br><\/p>\n\n\n\n<figure class=\"wp-block-gallery has-nested-images columns-default is-cropped wp-block-gallery-1 is-layout-flex wp-block-gallery-is-layout-flex\">\n<figure class=\"wp-block-image size-large\"><img fetchpriority=\"high\" decoding=\"async\" width=\"1024\" height=\"683\" data-id=\"25229\" src=\"https:\/\/fecc.ee\/wp-content\/uploads\/2025\/09\/321A6082-1024x683.jpg\" alt=\"\" class=\"wp-image-25229\" srcset=\"https:\/\/fecc.ee\/wp-content\/uploads\/2025\/09\/321A6082-1024x683.jpg 1024w, https:\/\/fecc.ee\/wp-content\/uploads\/2025\/09\/321A6082-300x200.jpg 300w, https:\/\/fecc.ee\/wp-content\/uploads\/2025\/09\/321A6082-768x512.jpg 768w, https:\/\/fecc.ee\/wp-content\/uploads\/2025\/09\/321A6082-1536x1024.jpg 1536w, https:\/\/fecc.ee\/wp-content\/uploads\/2025\/09\/321A6082-2048x1366.jpg 2048w, https:\/\/fecc.ee\/wp-content\/uploads\/2025\/09\/321A6082-18x12.jpg 18w, https:\/\/fecc.ee\/wp-content\/uploads\/2025\/09\/321A6082-1080x720.jpg 1080w, https:\/\/fecc.ee\/wp-content\/uploads\/2025\/09\/321A6082-1280x854.jpg 1280w, https:\/\/fecc.ee\/wp-content\/uploads\/2025\/09\/321A6082-980x653.jpg 980w, https:\/\/fecc.ee\/wp-content\/uploads\/2025\/09\/321A6082-480x320.jpg 480w\" sizes=\"(max-width: 1024px) 100vw, 1024px\" \/><\/figure>\n\n\n\n<figure class=\"wp-block-image size-large\"><img decoding=\"async\" width=\"1024\" height=\"1024\" data-id=\"25227\" src=\"https:\/\/fecc.ee\/wp-content\/uploads\/2025\/09\/321A5888-1024x1024.jpg\" alt=\"\" class=\"wp-image-25227\" srcset=\"https:\/\/fecc.ee\/wp-content\/uploads\/2025\/09\/321A5888-1024x1024.jpg 1024w, https:\/\/fecc.ee\/wp-content\/uploads\/2025\/09\/321A5888-300x300.jpg 300w, https:\/\/fecc.ee\/wp-content\/uploads\/2025\/09\/321A5888-150x150.jpg 150w, https:\/\/fecc.ee\/wp-content\/uploads\/2025\/09\/321A5888-768x767.jpg 768w, https:\/\/fecc.ee\/wp-content\/uploads\/2025\/09\/321A5888-1536x1534.jpg 1536w, https:\/\/fecc.ee\/wp-content\/uploads\/2025\/09\/321A5888-2048x2045.jpg 2048w, https:\/\/fecc.ee\/wp-content\/uploads\/2025\/09\/321A5888-12x12.jpg 12w, https:\/\/fecc.ee\/wp-content\/uploads\/2025\/09\/321A5888-480x479.jpg 480w\" sizes=\"(max-width: 1024px) 100vw, 1024px\" \/><\/figure>\n\n\n\n<figure class=\"wp-block-image size-large\"><img decoding=\"async\" width=\"1024\" height=\"576\" data-id=\"25235\" src=\"https:\/\/fecc.ee\/wp-content\/uploads\/2025\/09\/Vahid-1024x576.jpeg\" alt=\"\" class=\"wp-image-25235\" srcset=\"https:\/\/fecc.ee\/wp-content\/uploads\/2025\/09\/Vahid-1024x576.jpeg 1024w, https:\/\/fecc.ee\/wp-content\/uploads\/2025\/09\/Vahid-300x169.jpeg 300w, https:\/\/fecc.ee\/wp-content\/uploads\/2025\/09\/Vahid-768x432.jpeg 768w, https:\/\/fecc.ee\/wp-content\/uploads\/2025\/09\/Vahid-1536x864.jpeg 1536w, https:\/\/fecc.ee\/wp-content\/uploads\/2025\/09\/Vahid-18x10.jpeg 18w, https:\/\/fecc.ee\/wp-content\/uploads\/2025\/09\/Vahid-1080x608.jpeg 1080w, https:\/\/fecc.ee\/wp-content\/uploads\/2025\/09\/Vahid-1280x720.jpeg 1280w, https:\/\/fecc.ee\/wp-content\/uploads\/2025\/09\/Vahid-980x551.jpeg 980w, https:\/\/fecc.ee\/wp-content\/uploads\/2025\/09\/Vahid-480x270.jpeg 480w, https:\/\/fecc.ee\/wp-content\/uploads\/2025\/09\/Vahid.jpeg 1600w\" sizes=\"(max-width: 1024px) 100vw, 1024px\" \/><\/figure>\n\n\n\n<figure class=\"wp-block-image size-large\"><img loading=\"lazy\" decoding=\"async\" width=\"1024\" height=\"683\" data-id=\"25232\" src=\"https:\/\/fecc.ee\/wp-content\/uploads\/2025\/09\/321A5783-1024x683.jpg\" alt=\"\" class=\"wp-image-25232\" srcset=\"https:\/\/fecc.ee\/wp-content\/uploads\/2025\/09\/321A5783-1024x683.jpg 1024w, https:\/\/fecc.ee\/wp-content\/uploads\/2025\/09\/321A5783-300x200.jpg 300w, https:\/\/fecc.ee\/wp-content\/uploads\/2025\/09\/321A5783-768x512.jpg 768w, https:\/\/fecc.ee\/wp-content\/uploads\/2025\/09\/321A5783-1536x1024.jpg 1536w, https:\/\/fecc.ee\/wp-content\/uploads\/2025\/09\/321A5783-2048x1366.jpg 2048w, https:\/\/fecc.ee\/wp-content\/uploads\/2025\/09\/321A5783-18x12.jpg 18w, https:\/\/fecc.ee\/wp-content\/uploads\/2025\/09\/321A5783-1080x720.jpg 1080w, https:\/\/fecc.ee\/wp-content\/uploads\/2025\/09\/321A5783-1280x854.jpg 1280w, https:\/\/fecc.ee\/wp-content\/uploads\/2025\/09\/321A5783-980x653.jpg 980w, https:\/\/fecc.ee\/wp-content\/uploads\/2025\/09\/321A5783-480x320.jpg 480w\" sizes=\"(max-width: 1024px) 100vw, 1024px\" \/><\/figure>\n\n\n\n<figure class=\"wp-block-image size-large\"><img loading=\"lazy\" decoding=\"async\" width=\"1024\" height=\"683\" data-id=\"25230\" src=\"https:\/\/fecc.ee\/wp-content\/uploads\/2025\/09\/321A5782-1024x683.jpg\" alt=\"\" class=\"wp-image-25230\" srcset=\"https:\/\/fecc.ee\/wp-content\/uploads\/2025\/09\/321A5782-1024x683.jpg 1024w, https:\/\/fecc.ee\/wp-content\/uploads\/2025\/09\/321A5782-300x200.jpg 300w, https:\/\/fecc.ee\/wp-content\/uploads\/2025\/09\/321A5782-768x512.jpg 768w, https:\/\/fecc.ee\/wp-content\/uploads\/2025\/09\/321A5782-1536x1025.jpg 1536w, https:\/\/fecc.ee\/wp-content\/uploads\/2025\/09\/321A5782-2048x1366.jpg 2048w, https:\/\/fecc.ee\/wp-content\/uploads\/2025\/09\/321A5782-18x12.jpg 18w, https:\/\/fecc.ee\/wp-content\/uploads\/2025\/09\/321A5782-1080x720.jpg 1080w, https:\/\/fecc.ee\/wp-content\/uploads\/2025\/09\/321A5782-1280x854.jpg 1280w, https:\/\/fecc.ee\/wp-content\/uploads\/2025\/09\/321A5782-980x654.jpg 980w, https:\/\/fecc.ee\/wp-content\/uploads\/2025\/09\/321A5782-480x320.jpg 480w\" sizes=\"(max-width: 1024px) 100vw, 1024px\" \/><\/figure>\n\n\n\n<figure class=\"wp-block-image size-large\"><img loading=\"lazy\" decoding=\"async\" width=\"1024\" height=\"576\" data-id=\"25228\" src=\"https:\/\/fecc.ee\/wp-content\/uploads\/2025\/09\/321A5751-1024x576.jpg\" alt=\"\" class=\"wp-image-25228\" srcset=\"https:\/\/fecc.ee\/wp-content\/uploads\/2025\/09\/321A5751-1024x576.jpg 1024w, https:\/\/fecc.ee\/wp-content\/uploads\/2025\/09\/321A5751-300x169.jpg 300w, https:\/\/fecc.ee\/wp-content\/uploads\/2025\/09\/321A5751-768x432.jpg 768w, https:\/\/fecc.ee\/wp-content\/uploads\/2025\/09\/321A5751-1536x864.jpg 1536w, https:\/\/fecc.ee\/wp-content\/uploads\/2025\/09\/321A5751-2048x1152.jpg 2048w, https:\/\/fecc.ee\/wp-content\/uploads\/2025\/09\/321A5751-18x10.jpg 18w, https:\/\/fecc.ee\/wp-content\/uploads\/2025\/09\/321A5751-1080x608.jpg 1080w, https:\/\/fecc.ee\/wp-content\/uploads\/2025\/09\/321A5751-1280x720.jpg 1280w, https:\/\/fecc.ee\/wp-content\/uploads\/2025\/09\/321A5751-980x551.jpg 980w, https:\/\/fecc.ee\/wp-content\/uploads\/2025\/09\/321A5751-480x270.jpg 480w\" sizes=\"(max-width: 1024px) 100vw, 1024px\" \/><\/figure>\n<\/figure>","protected":false},"excerpt":{"rendered":"<p>Viime viikolla p\u00e4\u00e4timme kes\u00e4kauden perinteisten rapujuhlien merkeiss\u00e4. P\u00e4iv\u00e4\u00e4n mahtui PROTO:n interaktiivisen n\u00e4yttelyn el\u00e4myksi\u00e4, herkullista ruokaa, hyv\u00e4\u00e4 seuraa sek\u00e4 livemusiikkia. Kiitos kaikille mukana olleille! \ud83d\ude4c\ud83e\udd9e<\/p>","protected":false},"author":3,"featured_media":25231,"comment_status":"closed","ping_status":"closed","sticky":false,"template":"","format":"standard","meta":{"_acf_changed":false,"footnotes":""},"categories":[111],"tags":[],"class_list":["post-25224","post","type-post","status-publish","format-standard","has-post-thumbnail","hentry","category-toimunud-syndmused"],"acf":[],"yoast_head":"<!-- This site is optimized with the Yoast SEO plugin v27.4 - https:\/\/yoast.com\/product\/yoast-seo-wordpress\/ -->\n<title>05.09.2025 FECC V\u00e4hipidu | Soome-Eesti Kaubanduskoda<\/title>\n<meta name=\"robots\" content=\"index, follow, max-snippet:-1, max-image-preview:large, max-video-preview:-1\" \/>\n<link rel=\"canonical\" href=\"https:\/\/fecc.ee\/fi\/05-09-2025-fecc-vahipidu\/\" \/>\n<meta property=\"og:locale\" content=\"fi_FI\" \/>\n<meta property=\"og:type\" content=\"article\" \/>\n<meta property=\"og:title\" content=\"05.09.2025 FECC V\u00e4hipidu | Soome-Eesti Kaubanduskoda\" \/>\n<meta property=\"og:description\" content=\"Eelmisel n\u00e4dalal t\u00e4histasime suvehooaja l\u00f5ppu traditsioonilise v\u00e4hipeoga. Nautisime PROTO interaktiivset n\u00e4itust, head s\u00f6\u00f6ki ja seltskonda ning elavat muusikat, Ait\u00e4h k\u00f5igile osalejatele! \ud83d\ude4c\ud83e\udd9e\" \/>\n<meta property=\"og:url\" content=\"https:\/\/fecc.ee\/fi\/05-09-2025-fecc-vahipidu\/\" \/>\n<meta property=\"og:site_name\" content=\"Soome-Eesti Kaubanduskoda\" \/>\n<meta property=\"article:publisher\" content=\"https:\/\/www.facebook.com\/fecc.soomeeesti\/\" \/>\n<meta property=\"article:published_time\" content=\"2025-09-12T06:57:09+00:00\" \/>\n<meta property=\"article:modified_time\" content=\"2026-03-29T16:58:50+00:00\" \/>\n<meta property=\"og:image\" content=\"https:\/\/fecc.ee\/wp-content\/uploads\/2025\/09\/321A5730-1-scaled.jpg\" \/>\n\t<meta property=\"og:image:width\" content=\"2560\" \/>\n\t<meta property=\"og:image:height\" content=\"1280\" \/>\n\t<meta property=\"og:image:type\" content=\"image\/jpeg\" \/>\n<meta name=\"author\" content=\"Jasmin Mursula\" \/>\n<meta name=\"twitter:card\" content=\"summary_large_image\" \/>\n<meta name=\"twitter:label1\" content=\"Kirjoittanut\" \/>\n\t<meta name=\"twitter:data1\" content=\"Jasmin Mursula\" \/>\n<script type=\"application\/ld+json\" class=\"yoast-schema-graph\">{\"@context\":\"https:\\\/\\\/schema.org\",\"@graph\":[{\"@type\":\"Article\",\"@id\":\"https:\\\/\\\/fecc.ee\\\/05-09-2025-fecc-vahipidu\\\/#article\",\"isPartOf\":{\"@id\":\"https:\\\/\\\/fecc.ee\\\/05-09-2025-fecc-vahipidu\\\/\"},\"author\":{\"name\":\"Jasmin Mursula\",\"@id\":\"https:\\\/\\\/fecc.ee\\\/#\\\/schema\\\/person\\\/dfcce5953472ec5912e66be711f4e756\"},\"headline\":\"05.09.2025 FECC V\u00e4hipidu\",\"datePublished\":\"2025-09-12T06:57:09+00:00\",\"dateModified\":\"2026-03-29T16:58:50+00:00\",\"mainEntityOfPage\":{\"@id\":\"https:\\\/\\\/fecc.ee\\\/05-09-2025-fecc-vahipidu\\\/\"},\"wordCount\":32,\"publisher\":{\"@id\":\"https:\\\/\\\/fecc.ee\\\/#organization\"},\"image\":{\"@id\":\"https:\\\/\\\/fecc.ee\\\/05-09-2025-fecc-vahipidu\\\/#primaryimage\"},\"thumbnailUrl\":\"https:\\\/\\\/fecc.ee\\\/wp-content\\\/uploads\\\/2025\\\/09\\\/321A5730-1-scaled.jpg\",\"articleSection\":[\"toimunud s\u00fcndmused\"],\"inLanguage\":\"fi\"},{\"@type\":\"WebPage\",\"@id\":\"https:\\\/\\\/fecc.ee\\\/05-09-2025-fecc-vahipidu\\\/\",\"url\":\"https:\\\/\\\/fecc.ee\\\/05-09-2025-fecc-vahipidu\\\/\",\"name\":\"05.09.2025 FECC V\u00e4hipidu | Soome-Eesti Kaubanduskoda\",\"isPartOf\":{\"@id\":\"https:\\\/\\\/fecc.ee\\\/#website\"},\"primaryImageOfPage\":{\"@id\":\"https:\\\/\\\/fecc.ee\\\/05-09-2025-fecc-vahipidu\\\/#primaryimage\"},\"image\":{\"@id\":\"https:\\\/\\\/fecc.ee\\\/05-09-2025-fecc-vahipidu\\\/#primaryimage\"},\"thumbnailUrl\":\"https:\\\/\\\/fecc.ee\\\/wp-content\\\/uploads\\\/2025\\\/09\\\/321A5730-1-scaled.jpg\",\"datePublished\":\"2025-09-12T06:57:09+00:00\",\"dateModified\":\"2026-03-29T16:58:50+00:00\",\"breadcrumb\":{\"@id\":\"https:\\\/\\\/fecc.ee\\\/05-09-2025-fecc-vahipidu\\\/#breadcrumb\"},\"inLanguage\":\"fi\",\"potentialAction\":[{\"@type\":\"ReadAction\",\"target\":[\"https:\\\/\\\/fecc.ee\\\/05-09-2025-fecc-vahipidu\\\/\"]}]},{\"@type\":\"ImageObject\",\"inLanguage\":\"fi\",\"@id\":\"https:\\\/\\\/fecc.ee\\\/05-09-2025-fecc-vahipidu\\\/#primaryimage\",\"url\":\"https:\\\/\\\/fecc.ee\\\/wp-content\\\/uploads\\\/2025\\\/09\\\/321A5730-1-scaled.jpg\",\"contentUrl\":\"https:\\\/\\\/fecc.ee\\\/wp-content\\\/uploads\\\/2025\\\/09\\\/321A5730-1-scaled.jpg\",\"width\":2560,\"height\":1280},{\"@type\":\"BreadcrumbList\",\"@id\":\"https:\\\/\\\/fecc.ee\\\/05-09-2025-fecc-vahipidu\\\/#breadcrumb\",\"itemListElement\":[{\"@type\":\"ListItem\",\"position\":1,\"name\":\"Home\",\"item\":\"https:\\\/\\\/fecc.ee\\\/\"},{\"@type\":\"ListItem\",\"position\":2,\"name\":\"05.09.2025 FECC V\u00e4hipidu\"}]},{\"@type\":\"WebSite\",\"@id\":\"https:\\\/\\\/fecc.ee\\\/#website\",\"url\":\"https:\\\/\\\/fecc.ee\\\/\",\"name\":\"Soome-Eesti Kaubanduskoda\",\"description\":\"Tere tulemast Soome-Eesti kaubanduskoja kodulehek\u00fcljele. Oleme suurim rahvusvaheline kaubanduskoda Eestis.\",\"publisher\":{\"@id\":\"https:\\\/\\\/fecc.ee\\\/#organization\"},\"potentialAction\":[{\"@type\":\"SearchAction\",\"target\":{\"@type\":\"EntryPoint\",\"urlTemplate\":\"https:\\\/\\\/fecc.ee\\\/?s={search_term_string}\"},\"query-input\":{\"@type\":\"PropertyValueSpecification\",\"valueRequired\":true,\"valueName\":\"search_term_string\"}}],\"inLanguage\":\"fi\"},{\"@type\":\"Organization\",\"@id\":\"https:\\\/\\\/fecc.ee\\\/#organization\",\"name\":\"Soome-Eesti Kaubanduskoda\",\"url\":\"https:\\\/\\\/fecc.ee\\\/\",\"logo\":{\"@type\":\"ImageObject\",\"inLanguage\":\"fi\",\"@id\":\"https:\\\/\\\/fecc.ee\\\/#\\\/schema\\\/logo\\\/image\\\/\",\"url\":\"https:\\\/\\\/fecc.ee\\\/wp-content\\\/uploads\\\/2025\\\/06\\\/FECC_Logo-1.png\",\"contentUrl\":\"https:\\\/\\\/fecc.ee\\\/wp-content\\\/uploads\\\/2025\\\/06\\\/FECC_Logo-1.png\",\"width\":944,\"height\":292,\"caption\":\"Soome-Eesti Kaubanduskoda\"},\"image\":{\"@id\":\"https:\\\/\\\/fecc.ee\\\/#\\\/schema\\\/logo\\\/image\\\/\"},\"sameAs\":[\"https:\\\/\\\/www.facebook.com\\\/fecc.soomeeesti\\\/\",\"https:\\\/\\\/www.linkedin.com\\\/company\\\/fecc-finnish-estonian-chamber-of-commerce\\\/\"]},{\"@type\":\"Person\",\"@id\":\"https:\\\/\\\/fecc.ee\\\/#\\\/schema\\\/person\\\/dfcce5953472ec5912e66be711f4e756\",\"name\":\"Jasmin Mursula\",\"image\":{\"@type\":\"ImageObject\",\"inLanguage\":\"fi\",\"@id\":\"https:\\\/\\\/secure.gravatar.com\\\/avatar\\\/62a3bdb1b9e7893a74e26b48896fd382ddb4a123448790f8cb8f175dad687780?s=96&d=mm&r=g\",\"url\":\"https:\\\/\\\/secure.gravatar.com\\\/avatar\\\/62a3bdb1b9e7893a74e26b48896fd382ddb4a123448790f8cb8f175dad687780?s=96&d=mm&r=g\",\"contentUrl\":\"https:\\\/\\\/secure.gravatar.com\\\/avatar\\\/62a3bdb1b9e7893a74e26b48896fd382ddb4a123448790f8cb8f175dad687780?s=96&d=mm&r=g\",\"caption\":\"Jasmin Mursula\"},\"url\":\"https:\\\/\\\/fecc.ee\\\/fi\\\/author\\\/fecc\\\/\"}]}<\/script>\n<!-- \/ Yoast SEO plugin. -->","yoast_head_json":{"title":"05.09.2025 FECC V\u00e4hipidu | Soome-Eesti Kaubanduskoda","robots":{"index":"index","follow":"follow","max-snippet":"max-snippet:-1","max-image-preview":"max-image-preview:large","max-video-preview":"max-video-preview:-1"},"canonical":"https:\/\/fecc.ee\/fi\/05-09-2025-fecc-vahipidu\/","og_locale":"fi_FI","og_type":"article","og_title":"05.09.2025 FECC V\u00e4hipidu | Soome-Eesti Kaubanduskoda","og_description":"Eelmisel n\u00e4dalal t\u00e4histasime suvehooaja l\u00f5ppu traditsioonilise v\u00e4hipeoga. Nautisime PROTO interaktiivset n\u00e4itust, head s\u00f6\u00f6ki ja seltskonda ning elavat muusikat, Ait\u00e4h k\u00f5igile osalejatele! \ud83d\ude4c\ud83e\udd9e","og_url":"https:\/\/fecc.ee\/fi\/05-09-2025-fecc-vahipidu\/","og_site_name":"Soome-Eesti Kaubanduskoda","article_publisher":"https:\/\/www.facebook.com\/fecc.soomeeesti\/","article_published_time":"2025-09-12T06:57:09+00:00","article_modified_time":"2026-03-29T16:58:50+00:00","og_image":[{"width":2560,"height":1280,"url":"https:\/\/fecc.ee\/wp-content\/uploads\/2025\/09\/321A5730-1-scaled.jpg","type":"image\/jpeg"}],"author":"Jasmin Mursula","twitter_card":"summary_large_image","twitter_misc":{"Kirjoittanut":"Jasmin Mursula"},"schema":{"@context":"https:\/\/schema.org","@graph":[{"@type":"Article","@id":"https:\/\/fecc.ee\/05-09-2025-fecc-vahipidu\/#article","isPartOf":{"@id":"https:\/\/fecc.ee\/05-09-2025-fecc-vahipidu\/"},"author":{"name":"Jasmin Mursula","@id":"https:\/\/fecc.ee\/#\/schema\/person\/dfcce5953472ec5912e66be711f4e756"},"headline":"05.09.2025 FECC V\u00e4hipidu","datePublished":"2025-09-12T06:57:09+00:00","dateModified":"2026-03-29T16:58:50+00:00","mainEntityOfPage":{"@id":"https:\/\/fecc.ee\/05-09-2025-fecc-vahipidu\/"},"wordCount":32,"publisher":{"@id":"https:\/\/fecc.ee\/#organization"},"image":{"@id":"https:\/\/fecc.ee\/05-09-2025-fecc-vahipidu\/#primaryimage"},"thumbnailUrl":"https:\/\/fecc.ee\/wp-content\/uploads\/2025\/09\/321A5730-1-scaled.jpg","articleSection":["toimunud s\u00fcndmused"],"inLanguage":"fi"},{"@type":"WebPage","@id":"https:\/\/fecc.ee\/05-09-2025-fecc-vahipidu\/","url":"https:\/\/fecc.ee\/05-09-2025-fecc-vahipidu\/","name":"05.09.2025 FECC V\u00e4hipidu | Soome-Eesti Kaubanduskoda","isPartOf":{"@id":"https:\/\/fecc.ee\/#website"},"primaryImageOfPage":{"@id":"https:\/\/fecc.ee\/05-09-2025-fecc-vahipidu\/#primaryimage"},"image":{"@id":"https:\/\/fecc.ee\/05-09-2025-fecc-vahipidu\/#primaryimage"},"thumbnailUrl":"https:\/\/fecc.ee\/wp-content\/uploads\/2025\/09\/321A5730-1-scaled.jpg","datePublished":"2025-09-12T06:57:09+00:00","dateModified":"2026-03-29T16:58:50+00:00","breadcrumb":{"@id":"https:\/\/fecc.ee\/05-09-2025-fecc-vahipidu\/#breadcrumb"},"inLanguage":"fi","potentialAction":[{"@type":"ReadAction","target":["https:\/\/fecc.ee\/05-09-2025-fecc-vahipidu\/"]}]},{"@type":"ImageObject","inLanguage":"fi","@id":"https:\/\/fecc.ee\/05-09-2025-fecc-vahipidu\/#primaryimage","url":"https:\/\/fecc.ee\/wp-content\/uploads\/2025\/09\/321A5730-1-scaled.jpg","contentUrl":"https:\/\/fecc.ee\/wp-content\/uploads\/2025\/09\/321A5730-1-scaled.jpg","width":2560,"height":1280},{"@type":"BreadcrumbList","@id":"https:\/\/fecc.ee\/05-09-2025-fecc-vahipidu\/#breadcrumb","itemListElement":[{"@type":"ListItem","position":1,"name":"Home","item":"https:\/\/fecc.ee\/"},{"@type":"ListItem","position":2,"name":"05.09.2025 FECC V\u00e4hipidu"}]},{"@type":"WebSite","@id":"https:\/\/fecc.ee\/#website","url":"https:\/\/fecc.ee\/","name":"Suomalais-Virolainen Kauppakamari","description":"Tere tulemast Soome-Eesti kaubanduskoja kodulehek\u00fcljele. Oleme suurim rahvusvaheline kaubanduskoda Eestis.","publisher":{"@id":"https:\/\/fecc.ee\/#organization"},"potentialAction":[{"@type":"SearchAction","target":{"@type":"EntryPoint","urlTemplate":"https:\/\/fecc.ee\/?s={search_term_string}"},"query-input":{"@type":"PropertyValueSpecification","valueRequired":true,"valueName":"search_term_string"}}],"inLanguage":"fi"},{"@type":"Organization","@id":"https:\/\/fecc.ee\/#organization","name":"Suomalais-Virolainen Kauppakamari","url":"https:\/\/fecc.ee\/","logo":{"@type":"ImageObject","inLanguage":"fi","@id":"https:\/\/fecc.ee\/#\/schema\/logo\/image\/","url":"https:\/\/fecc.ee\/wp-content\/uploads\/2025\/06\/FECC_Logo-1.png","contentUrl":"https:\/\/fecc.ee\/wp-content\/uploads\/2025\/06\/FECC_Logo-1.png","width":944,"height":292,"caption":"Soome-Eesti Kaubanduskoda"},"image":{"@id":"https:\/\/fecc.ee\/#\/schema\/logo\/image\/"},"sameAs":["https:\/\/www.facebook.com\/fecc.soomeeesti\/","https:\/\/www.linkedin.com\/company\/fecc-finnish-estonian-chamber-of-commerce\/"]},{"@type":"Person","@id":"https:\/\/fecc.ee\/#\/schema\/person\/dfcce5953472ec5912e66be711f4e756","name":"Jasmin Mursula","image":{"@type":"ImageObject","inLanguage":"fi","@id":"https:\/\/secure.gravatar.com\/avatar\/62a3bdb1b9e7893a74e26b48896fd382ddb4a123448790f8cb8f175dad687780?s=96&d=mm&r=g","url":"https:\/\/secure.gravatar.com\/avatar\/62a3bdb1b9e7893a74e26b48896fd382ddb4a123448790f8cb8f175dad687780?s=96&d=mm&r=g","contentUrl":"https:\/\/secure.gravatar.com\/avatar\/62a3bdb1b9e7893a74e26b48896fd382ddb4a123448790f8cb8f175dad687780?s=96&d=mm&r=g","caption":"Jasmin Mursula"},"url":"https:\/\/fecc.ee\/fi\/author\/fecc\/"}]}},"_links":{"self":[{"href":"https:\/\/fecc.ee\/fi\/wp-json\/wp\/v2\/posts\/25224","targetHints":{"allow":["GET"]}}],"collection":[{"href":"https:\/\/fecc.ee\/fi\/wp-json\/wp\/v2\/posts"}],"about":[{"href":"https:\/\/fecc.ee\/fi\/wp-json\/wp\/v2\/types\/post"}],"author":[{"embeddable":true,"href":"https:\/\/fecc.ee\/fi\/wp-json\/wp\/v2\/users\/3"}],"replies":[{"embeddable":true,"href":"https:\/\/fecc.ee\/fi\/wp-json\/wp\/v2\/comments?post=25224"}],"version-history":[{"count":4,"href":"https:\/\/fecc.ee\/fi\/wp-json\/wp\/v2\/posts\/25224\/revisions"}],"predecessor-version":[{"id":26342,"href":"https:\/\/fecc.ee\/fi\/wp-json\/wp\/v2\/posts\/25224\/revisions\/26342"}],"wp:featuredmedia":[{"embeddable":true,"href":"https:\/\/fecc.ee\/fi\/wp-json\/wp\/v2\/media\/25231"}],"wp:attachment":[{"href":"https:\/\/fecc.ee\/fi\/wp-json\/wp\/v2\/media?parent=25224"}],"wp:term":[{"taxonomy":"category","embeddable":true,"href":"https:\/\/fecc.ee\/fi\/wp-json\/wp\/v2\/categories?post=25224"},{"taxonomy":"post_tag","embeddable":true,"href":"https:\/\/fecc.ee\/fi\/wp-json\/wp\/v2\/tags?post=25224"}],"curies":[{"name":"wp","href":"https:\/\/api.w.org\/{rel}","templated":true}]}}