{"id":25252,"date":"2025-10-01T20:44:33","date_gmt":"2025-10-01T18:44:33","guid":{"rendered":"https:\/\/fecc.ee\/?p=25252"},"modified":"2026-03-29T18:58:24","modified_gmt":"2026-03-29T16:58:24","slug":"30-09-2025-liige-kutsub-kulla-abb","status":"publish","type":"post","link":"https:\/\/fecc.ee\/fi\/30-09-2025-liige-kutsub-kulla-abb\/","title":{"rendered":"30.09.2025 J\u00e4sen kutsuu kyl\u00e4\u00e4n \u2013 ABB"},"content":{"rendered":"<div data-elementor-type=\"wp-post\" data-elementor-id=\"25252\" class=\"elementor elementor-25252\" data-elementor-post-type=\"post\">\n\t\t\t\t<div class=\"elementor-element elementor-element-534dd6b e-flex e-con-boxed e-con e-parent\" data-id=\"534dd6b\" data-element_type=\"container\" data-e-type=\"container\">\n\t\t\t\t\t<div class=\"e-con-inner\">\n\t\t\t\t<div class=\"elementor-element elementor-element-a95b4cc elementor-widget elementor-widget-text-editor\" data-id=\"a95b4cc\" data-element_type=\"widget\" data-e-type=\"widget\" data-widget_type=\"text-editor.default\">\n\t\t\t\t\t\t\t\t\t<p data-start=\"2201\" data-end=\"2271\"><strong data-start=\"2201\" data-end=\"2269\">Vierailu ABB:ll\u00e4 \u2013 Innovaatioita, kest\u00e4vyytt\u00e4 ja kasvua Baltian alueella<\/strong><\/p><p data-start=\"2273\" data-end=\"2624\">Eilen saimme mahdollisuuden vierailla <strong data-start=\"2306\" data-end=\"2315\">ABB-ll\u00e4<\/strong>, joka on maailmanlaajuinen s\u00e4hk\u00f6istyksen ja automaation edell\u00e4k\u00e4vij\u00e4. Vierailu tarjosi arvokkaita n\u00e4kemyksi\u00e4 siit\u00e4, miten ABB muokkaa teollisuuden ja energian tulevaisuutta globaalien megatrendien keskell\u00e4: kasvava v\u00e4est\u00f6, jolla on korkeammat elintaso-odotukset, sek\u00e4 kiireellinen hiilijalanj\u00e4ljen pienent\u00e4misen tavoite.<\/p><p data-start=\"2626\" data-end=\"2950\"><strong data-start=\"2626\" data-end=\"2657\">Vahva asema Baltiassa<\/strong><br data-start=\"2657\" data-end=\"2660\" \/>ABB:ll\u00e4 on vahva asema kaikilla Baltian markkinoilla, ja <strong data-start=\"2719\" data-end=\"2759\">Viro on suurin ty\u00f6ntekij\u00f6iden keskittym\u00e4.<\/strong>Yrityksell\u00e4 on nykyaikaiset tuotantolaitokset <strong data-start=\"2801\" data-end=\"2810\">J\u00fcriss\u00e4<\/strong>, mukaan <strong data-start=\"2823\" data-end=\"2859\">lukien moottori- ja generaattoritehdas<\/strong> sek\u00e4 <strong data-start=\"2865\" data-end=\"2882\">taajuusmuuttajatehdas<\/strong>, jotka molemmat ovat ratkaisevia kest\u00e4v\u00e4n teollisuuden ja innovaatioiden mahdollistajia.<\/p><p data-start=\"2952\" data-end=\"3367\"><strong data-start=\"2952\" data-end=\"2988\">Palkittu ty\u00f6nantaja ja sijoittaja<\/strong><br data-start=\"2988\" data-end=\"2991\" \/>ABB:n sitoutuminen huippuosaamiseen ja ihmisiin on saanut laajaa tunnustusta. Vuonna <strong data-start=\"3075\" data-end=\"3091\">2022 ja 2023<\/strong> yhti\u00f6 nimettiin <strong data-start=\"3110\" data-end=\"3163\">halutuimmaksi ty\u00f6nantajaksi valmistavan teollisuuden sektorilla.<\/strong>Vuonna <strong data-start=\"3172\" data-end=\"3180\">2024<\/strong> ABB sai <strong data-start=\"3192\" data-end=\"3230\">Outstanding Investment -palkinnon<\/strong> ja tunnustuksen <strong data-start=\"3251\" data-end=\"3306\">Tuulivoimapalveluiden osaamiskeskuksena<\/strong>, mik\u00e4 korostaa sen roolia uusiutuvan energian edell\u00e4k\u00e4vij\u00e4n\u00e4.<\/p><p data-start=\"3369\" data-end=\"3866\"><strong data-start=\"3369\" data-end=\"3395\">Energia avainasemassa<\/strong><br data-start=\"3395\" data-end=\"3398\" \/>Keskusteluissa korostui <strong data-start=\"3435\" data-end=\"3510\">energian merkitys teollisuuden investointip\u00e4\u00e4t\u00f6ksiss\u00e4.<\/strong>Kuten todettiin, <em data-start=\"3527\" data-end=\"3563\">kaikkia munia ei voi laittaa samaan koriin<\/em> \u2013 monipuoliset, vakaat ja edulliset energial\u00e4hteet ovat v\u00e4ltt\u00e4m\u00e4tt\u00f6mi\u00e4. Teollisuudelle energian hinta ja saatavuus ovat keskeisi\u00e4 p\u00e4\u00e4t\u00f6skriteereit\u00e4, kun taas yksityiset kuluttajat vaativat yh\u00e4 useammin <strong data-start=\"3744\" data-end=\"3794\">vakaita, edullisia ja kest\u00e4vi\u00e4 energiaratkaisuja.<\/strong>T\u00e4m\u00e4 tuo mukanaan paitsi haasteita my\u00f6s merkitt\u00e4vi\u00e4 <strong data-start=\"3847\" data-end=\"3863\">\u00e4riv\u00f5imalusi<\/strong>.<\/p><p data-start=\"3868\" data-end=\"4182\"><strong data-start=\"3868\" data-end=\"3890\">Katse tulevaisuuteen<\/strong><br data-start=\"3890\" data-end=\"3893\" \/>Vierailumme vahvisti, ett\u00e4 ABB on erinomainen asemassa vastaamaan n\u00e4ihin haasteisiin ja hy\u00f6dynt\u00e4m\u00e4\u00e4n mahdollisuuksia. Vahvan Baltian l\u00e4sn\u00e4olonsa, johtavien teknologioidensa ja kest\u00e4vyyspainotuksensa ansiosta ABB muokkaa kest\u00e4v\u00e4mp\u00e4\u00e4 ja joustavampaa tulevaisuutta.<\/p>\t\t\t\t\t\t\t\t<\/div>\n\t\t\t\t<div class=\"elementor-element elementor-element-7b053a3 elementor-widget elementor-widget-gallery\" data-id=\"7b053a3\" data-element_type=\"widget\" data-e-type=\"widget\" data-settings=\"{&quot;gallery_layout&quot;:&quot;justified&quot;,&quot;ideal_row_height&quot;:{&quot;unit&quot;:&quot;px&quot;,&quot;size&quot;:160,&quot;sizes&quot;:[]},&quot;gap&quot;:{&quot;unit&quot;:&quot;px&quot;,&quot;size&quot;:16,&quot;sizes&quot;:[]},&quot;lazyload&quot;:&quot;yes&quot;,&quot;ideal_row_height_tablet&quot;:{&quot;unit&quot;:&quot;px&quot;,&quot;size&quot;:150,&quot;sizes&quot;:[]},&quot;ideal_row_height_mobile&quot;:{&quot;unit&quot;:&quot;px&quot;,&quot;size&quot;:150,&quot;sizes&quot;:[]},&quot;gap_tablet&quot;:{&quot;unit&quot;:&quot;px&quot;,&quot;size&quot;:10,&quot;sizes&quot;:[]},&quot;gap_mobile&quot;:{&quot;unit&quot;:&quot;px&quot;,&quot;size&quot;:10,&quot;sizes&quot;:[]},&quot;link_to&quot;:&quot;file&quot;,&quot;overlay_background&quot;:&quot;yes&quot;,&quot;content_hover_animation&quot;:&quot;fade-in&quot;}\" data-widget_type=\"gallery.default\">\n\t\t\t\t\t\t\t<div class=\"elementor-gallery__container\">\n\t\t\t\t\t\t\t<a class=\"e-gallery-item elementor-gallery-item elementor-animated-content\" href=\"https:\/\/fecc.ee\/wp-content\/uploads\/2025\/10\/IMG_8701-scaled.jpg\" data-elementor-open-lightbox=\"yes\" data-elementor-lightbox-slideshow=\"7b053a3\" data-elementor-lightbox-title=\"IMG_8701\" data-e-action-hash=\"#elementor-action%3Aaction%3Dlightbox%26settings%3DeyJpZCI6MjUyNjEsInVybCI6Imh0dHBzOlwvXC9mZWNjLmVlXC93cC1jb250ZW50XC91cGxvYWRzXC8yMDI1XC8xMFwvSU1HXzg3MDEtc2NhbGVkLmpwZyIsInNsaWRlc2hvdyI6IjdiMDUzYTMifQ%3D%3D\">\n\t\t\t\t\t<div class=\"e-gallery-image elementor-gallery-item__image\" data-thumbnail=\"https:\/\/fecc.ee\/wp-content\/uploads\/2025\/10\/IMG_8701-768x512.jpg\" data-width=\"768\" data-height=\"512\" aria-label=\"\" role=\"img\" ><\/div>\n\t\t\t\t\t\t\t\t\t\t\t<div class=\"elementor-gallery-item__overlay\"><\/div>\n\t\t\t\t\t\t\t\t\t\t\t\t\t\t<\/a>\n\t\t\t\t\t\t\t<a class=\"e-gallery-item elementor-gallery-item elementor-animated-content\" href=\"https:\/\/fecc.ee\/wp-content\/uploads\/2025\/10\/IMG_8696-scaled.jpg\" data-elementor-open-lightbox=\"yes\" data-elementor-lightbox-slideshow=\"7b053a3\" data-elementor-lightbox-title=\"IMG_8696\" data-e-action-hash=\"#elementor-action%3Aaction%3Dlightbox%26settings%3DeyJpZCI6MjUyNjIsInVybCI6Imh0dHBzOlwvXC9mZWNjLmVlXC93cC1jb250ZW50XC91cGxvYWRzXC8yMDI1XC8xMFwvSU1HXzg2OTYtc2NhbGVkLmpwZyIsInNsaWRlc2hvdyI6IjdiMDUzYTMifQ%3D%3D\">\n\t\t\t\t\t<div class=\"e-gallery-image elementor-gallery-item__image\" data-thumbnail=\"https:\/\/fecc.ee\/wp-content\/uploads\/2025\/10\/IMG_8696-768x384.jpg\" data-width=\"768\" data-height=\"384\" aria-label=\"\" role=\"img\" ><\/div>\n\t\t\t\t\t\t\t\t\t\t\t<div class=\"elementor-gallery-item__overlay\"><\/div>\n\t\t\t\t\t\t\t\t\t\t\t\t\t\t<\/a>\n\t\t\t\t\t\t\t<a class=\"e-gallery-item elementor-gallery-item elementor-animated-content\" href=\"https:\/\/fecc.ee\/wp-content\/uploads\/2025\/10\/IMG_8693-scaled.jpg\" data-elementor-open-lightbox=\"yes\" data-elementor-lightbox-slideshow=\"7b053a3\" data-elementor-lightbox-title=\"IMG_8693\" data-e-action-hash=\"#elementor-action%3Aaction%3Dlightbox%26settings%3DeyJpZCI6MjUyNjQsInVybCI6Imh0dHBzOlwvXC9mZWNjLmVlXC93cC1jb250ZW50XC91cGxvYWRzXC8yMDI1XC8xMFwvSU1HXzg2OTMtc2NhbGVkLmpwZyIsInNsaWRlc2hvdyI6IjdiMDUzYTMifQ%3D%3D\">\n\t\t\t\t\t<div class=\"e-gallery-image elementor-gallery-item__image\" data-thumbnail=\"https:\/\/fecc.ee\/wp-content\/uploads\/2025\/10\/IMG_8693-768x512.jpg\" data-width=\"768\" data-height=\"512\" aria-label=\"\" role=\"img\" ><\/div>\n\t\t\t\t\t\t\t\t\t\t\t<div class=\"elementor-gallery-item__overlay\"><\/div>\n\t\t\t\t\t\t\t\t\t\t\t\t\t\t<\/a>\n\t\t\t\t\t\t\t<a class=\"e-gallery-item elementor-gallery-item elementor-animated-content\" href=\"https:\/\/fecc.ee\/wp-content\/uploads\/2025\/10\/WhatsApp-Image-2025-09-30-at-17.07.51.jpeg\" data-elementor-open-lightbox=\"yes\" data-elementor-lightbox-slideshow=\"7b053a3\" data-elementor-lightbox-title=\"WhatsApp Image 2025-09-30 at 17.07.51\" data-e-action-hash=\"#elementor-action%3Aaction%3Dlightbox%26settings%3DeyJpZCI6MjUyNjksInVybCI6Imh0dHBzOlwvXC9mZWNjLmVlXC93cC1jb250ZW50XC91cGxvYWRzXC8yMDI1XC8xMFwvV2hhdHNBcHAtSW1hZ2UtMjAyNS0wOS0zMC1hdC0xNy4wNy41MS5qcGVnIiwic2xpZGVzaG93IjoiN2IwNTNhMyJ9\">\n\t\t\t\t\t<div class=\"e-gallery-image elementor-gallery-item__image\" data-thumbnail=\"https:\/\/fecc.ee\/wp-content\/uploads\/2025\/10\/WhatsApp-Image-2025-09-30-at-17.07.51-768x1024.jpeg\" data-width=\"768\" data-height=\"1024\" aria-label=\"\" role=\"img\" ><\/div>\n\t\t\t\t\t\t\t\t\t\t\t<div class=\"elementor-gallery-item__overlay\"><\/div>\n\t\t\t\t\t\t\t\t\t\t\t\t\t\t<\/a>\n\t\t\t\t\t<\/div>\n\t\t\t\t\t<\/div>\n\t\t\t\t\t<\/div>\n\t\t\t\t<\/div>\n\t\t\t\t<\/div>","protected":false},"excerpt":{"rendered":"<p>K\u00fclastus ABB-s \u2013 Innovatsioon, kestlikkus ja kasv Balti riikides Eile oli meil v\u00f5imalus k\u00fclastada ABB-d, mis on \u00fclemaailmne elektrifitseerimise ja automatiseerimise liider. K\u00fclastus andis v\u00e4\u00e4rtuslikke teadmisi sellest, kuidas ABB kujundab t\u00f6\u00f6stuse ja energia tulevikku&#8230;<\/p>","protected":false},"author":3,"featured_media":25260,"comment_status":"closed","ping_status":"closed","sticky":false,"template":"","format":"standard","meta":{"_acf_changed":false,"footnotes":""},"categories":[111],"tags":[],"class_list":["post-25252","post","type-post","status-publish","format-standard","has-post-thumbnail","hentry","category-toimunud-syndmused"],"acf":[],"yoast_head":"<!-- This site is optimized with the Yoast SEO plugin v27.4 - https:\/\/yoast.com\/product\/yoast-seo-wordpress\/ -->\n<title>30.09.2025 Liige kutsub k\u00fclla - ABB | Soome-Eesti Kaubanduskoda<\/title>\n<meta name=\"robots\" content=\"index, follow, max-snippet:-1, max-image-preview:large, max-video-preview:-1\" \/>\n<link rel=\"canonical\" href=\"https:\/\/fecc.ee\/fi\/30-09-2025-liige-kutsub-kulla-abb\/\" \/>\n<meta property=\"og:locale\" content=\"fi_FI\" \/>\n<meta property=\"og:type\" content=\"article\" \/>\n<meta property=\"og:title\" content=\"30.09.2025 Liige kutsub k\u00fclla - ABB | Soome-Eesti Kaubanduskoda\" \/>\n<meta property=\"og:description\" content=\"K\u00fclastus ABB-s \u2013 Innovatsioon, kestlikkus ja kasv Balti riikides Eile oli meil v\u00f5imalus k\u00fclastada ABB-d, mis on \u00fclemaailmne elektrifitseerimise ja automatiseerimise liider. K\u00fclastus andis v\u00e4\u00e4rtuslikke teadmisi sellest, kuidas ABB kujundab t\u00f6\u00f6stuse ja energia tulevikku...\" \/>\n<meta property=\"og:url\" content=\"https:\/\/fecc.ee\/fi\/30-09-2025-liige-kutsub-kulla-abb\/\" \/>\n<meta property=\"og:site_name\" content=\"Soome-Eesti Kaubanduskoda\" \/>\n<meta property=\"article:publisher\" content=\"https:\/\/www.facebook.com\/fecc.soomeeesti\/\" \/>\n<meta property=\"article:published_time\" content=\"2025-10-01T18:44:33+00:00\" \/>\n<meta property=\"article:modified_time\" content=\"2026-03-29T16:58:24+00:00\" \/>\n<meta property=\"og:image\" content=\"https:\/\/fecc.ee\/wp-content\/uploads\/2025\/10\/IMG_8703-scaled.jpg\" \/>\n\t<meta property=\"og:image:width\" content=\"2560\" \/>\n\t<meta property=\"og:image:height\" content=\"1707\" \/>\n\t<meta property=\"og:image:type\" content=\"image\/jpeg\" \/>\n<meta name=\"author\" content=\"Jasmin Mursula\" \/>\n<meta name=\"twitter:card\" content=\"summary_large_image\" \/>\n<meta name=\"twitter:label1\" content=\"Kirjoittanut\" \/>\n\t<meta name=\"twitter:data1\" content=\"Jasmin Mursula\" \/>\n\t<meta name=\"twitter:label2\" content=\"Arvioitu lukuaika\" \/>\n\t<meta name=\"twitter:data2\" content=\"1 minuutti\" \/>\n<script type=\"application\/ld+json\" class=\"yoast-schema-graph\">{\"@context\":\"https:\\\/\\\/schema.org\",\"@graph\":[{\"@type\":\"Article\",\"@id\":\"https:\\\/\\\/fecc.ee\\\/30-09-2025-liige-kutsub-kulla-abb\\\/#article\",\"isPartOf\":{\"@id\":\"https:\\\/\\\/fecc.ee\\\/30-09-2025-liige-kutsub-kulla-abb\\\/\"},\"author\":{\"name\":\"Jasmin Mursula\",\"@id\":\"https:\\\/\\\/fecc.ee\\\/#\\\/schema\\\/person\\\/dfcce5953472ec5912e66be711f4e756\"},\"headline\":\"30.09.2025 Liige kutsub k\u00fclla &#8211; ABB\",\"datePublished\":\"2025-10-01T18:44:33+00:00\",\"dateModified\":\"2026-03-29T16:58:24+00:00\",\"mainEntityOfPage\":{\"@id\":\"https:\\\/\\\/fecc.ee\\\/30-09-2025-liige-kutsub-kulla-abb\\\/\"},\"wordCount\":269,\"publisher\":{\"@id\":\"https:\\\/\\\/fecc.ee\\\/#organization\"},\"image\":{\"@id\":\"https:\\\/\\\/fecc.ee\\\/30-09-2025-liige-kutsub-kulla-abb\\\/#primaryimage\"},\"thumbnailUrl\":\"https:\\\/\\\/fecc.ee\\\/wp-content\\\/uploads\\\/2025\\\/10\\\/IMG_8703-scaled.jpg\",\"articleSection\":[\"toimunud s\u00fcndmused\"],\"inLanguage\":\"fi\"},{\"@type\":\"WebPage\",\"@id\":\"https:\\\/\\\/fecc.ee\\\/30-09-2025-liige-kutsub-kulla-abb\\\/\",\"url\":\"https:\\\/\\\/fecc.ee\\\/30-09-2025-liige-kutsub-kulla-abb\\\/\",\"name\":\"30.09.2025 Liige kutsub k\u00fclla - ABB | Soome-Eesti Kaubanduskoda\",\"isPartOf\":{\"@id\":\"https:\\\/\\\/fecc.ee\\\/#website\"},\"primaryImageOfPage\":{\"@id\":\"https:\\\/\\\/fecc.ee\\\/30-09-2025-liige-kutsub-kulla-abb\\\/#primaryimage\"},\"image\":{\"@id\":\"https:\\\/\\\/fecc.ee\\\/30-09-2025-liige-kutsub-kulla-abb\\\/#primaryimage\"},\"thumbnailUrl\":\"https:\\\/\\\/fecc.ee\\\/wp-content\\\/uploads\\\/2025\\\/10\\\/IMG_8703-scaled.jpg\",\"datePublished\":\"2025-10-01T18:44:33+00:00\",\"dateModified\":\"2026-03-29T16:58:24+00:00\",\"breadcrumb\":{\"@id\":\"https:\\\/\\\/fecc.ee\\\/30-09-2025-liige-kutsub-kulla-abb\\\/#breadcrumb\"},\"inLanguage\":\"fi\",\"potentialAction\":[{\"@type\":\"ReadAction\",\"target\":[\"https:\\\/\\\/fecc.ee\\\/30-09-2025-liige-kutsub-kulla-abb\\\/\"]}]},{\"@type\":\"ImageObject\",\"inLanguage\":\"fi\",\"@id\":\"https:\\\/\\\/fecc.ee\\\/30-09-2025-liige-kutsub-kulla-abb\\\/#primaryimage\",\"url\":\"https:\\\/\\\/fecc.ee\\\/wp-content\\\/uploads\\\/2025\\\/10\\\/IMG_8703-scaled.jpg\",\"contentUrl\":\"https:\\\/\\\/fecc.ee\\\/wp-content\\\/uploads\\\/2025\\\/10\\\/IMG_8703-scaled.jpg\",\"width\":2560,\"height\":1707},{\"@type\":\"BreadcrumbList\",\"@id\":\"https:\\\/\\\/fecc.ee\\\/30-09-2025-liige-kutsub-kulla-abb\\\/#breadcrumb\",\"itemListElement\":[{\"@type\":\"ListItem\",\"position\":1,\"name\":\"Home\",\"item\":\"https:\\\/\\\/fecc.ee\\\/\"},{\"@type\":\"ListItem\",\"position\":2,\"name\":\"30.09.2025 Liige kutsub k\u00fclla &#8211; ABB\"}]},{\"@type\":\"WebSite\",\"@id\":\"https:\\\/\\\/fecc.ee\\\/#website\",\"url\":\"https:\\\/\\\/fecc.ee\\\/\",\"name\":\"Soome-Eesti Kaubanduskoda\",\"description\":\"Tere tulemast Soome-Eesti kaubanduskoja kodulehek\u00fcljele. Oleme suurim rahvusvaheline kaubanduskoda Eestis.\",\"publisher\":{\"@id\":\"https:\\\/\\\/fecc.ee\\\/#organization\"},\"potentialAction\":[{\"@type\":\"SearchAction\",\"target\":{\"@type\":\"EntryPoint\",\"urlTemplate\":\"https:\\\/\\\/fecc.ee\\\/?s={search_term_string}\"},\"query-input\":{\"@type\":\"PropertyValueSpecification\",\"valueRequired\":true,\"valueName\":\"search_term_string\"}}],\"inLanguage\":\"fi\"},{\"@type\":\"Organization\",\"@id\":\"https:\\\/\\\/fecc.ee\\\/#organization\",\"name\":\"Soome-Eesti Kaubanduskoda\",\"url\":\"https:\\\/\\\/fecc.ee\\\/\",\"logo\":{\"@type\":\"ImageObject\",\"inLanguage\":\"fi\",\"@id\":\"https:\\\/\\\/fecc.ee\\\/#\\\/schema\\\/logo\\\/image\\\/\",\"url\":\"https:\\\/\\\/fecc.ee\\\/wp-content\\\/uploads\\\/2025\\\/06\\\/FECC_Logo-1.png\",\"contentUrl\":\"https:\\\/\\\/fecc.ee\\\/wp-content\\\/uploads\\\/2025\\\/06\\\/FECC_Logo-1.png\",\"width\":944,\"height\":292,\"caption\":\"Soome-Eesti Kaubanduskoda\"},\"image\":{\"@id\":\"https:\\\/\\\/fecc.ee\\\/#\\\/schema\\\/logo\\\/image\\\/\"},\"sameAs\":[\"https:\\\/\\\/www.facebook.com\\\/fecc.soomeeesti\\\/\",\"https:\\\/\\\/www.linkedin.com\\\/company\\\/fecc-finnish-estonian-chamber-of-commerce\\\/\"]},{\"@type\":\"Person\",\"@id\":\"https:\\\/\\\/fecc.ee\\\/#\\\/schema\\\/person\\\/dfcce5953472ec5912e66be711f4e756\",\"name\":\"Jasmin Mursula\",\"image\":{\"@type\":\"ImageObject\",\"inLanguage\":\"fi\",\"@id\":\"https:\\\/\\\/secure.gravatar.com\\\/avatar\\\/62a3bdb1b9e7893a74e26b48896fd382ddb4a123448790f8cb8f175dad687780?s=96&d=mm&r=g\",\"url\":\"https:\\\/\\\/secure.gravatar.com\\\/avatar\\\/62a3bdb1b9e7893a74e26b48896fd382ddb4a123448790f8cb8f175dad687780?s=96&d=mm&r=g\",\"contentUrl\":\"https:\\\/\\\/secure.gravatar.com\\\/avatar\\\/62a3bdb1b9e7893a74e26b48896fd382ddb4a123448790f8cb8f175dad687780?s=96&d=mm&r=g\",\"caption\":\"Jasmin Mursula\"},\"url\":\"https:\\\/\\\/fecc.ee\\\/fi\\\/author\\\/fecc\\\/\"}]}<\/script>\n<!-- \/ Yoast SEO plugin. -->","yoast_head_json":{"title":"30.09.2025 Liige kutsub k\u00fclla - ABB | Soome-Eesti Kaubanduskoda","robots":{"index":"index","follow":"follow","max-snippet":"max-snippet:-1","max-image-preview":"max-image-preview:large","max-video-preview":"max-video-preview:-1"},"canonical":"https:\/\/fecc.ee\/fi\/30-09-2025-liige-kutsub-kulla-abb\/","og_locale":"fi_FI","og_type":"article","og_title":"30.09.2025 Liige kutsub k\u00fclla - ABB | Soome-Eesti Kaubanduskoda","og_description":"K\u00fclastus ABB-s \u2013 Innovatsioon, kestlikkus ja kasv Balti riikides Eile oli meil v\u00f5imalus k\u00fclastada ABB-d, mis on \u00fclemaailmne elektrifitseerimise ja automatiseerimise liider. K\u00fclastus andis v\u00e4\u00e4rtuslikke teadmisi sellest, kuidas ABB kujundab t\u00f6\u00f6stuse ja energia tulevikku...","og_url":"https:\/\/fecc.ee\/fi\/30-09-2025-liige-kutsub-kulla-abb\/","og_site_name":"Soome-Eesti Kaubanduskoda","article_publisher":"https:\/\/www.facebook.com\/fecc.soomeeesti\/","article_published_time":"2025-10-01T18:44:33+00:00","article_modified_time":"2026-03-29T16:58:24+00:00","og_image":[{"width":2560,"height":1707,"url":"https:\/\/fecc.ee\/wp-content\/uploads\/2025\/10\/IMG_8703-scaled.jpg","type":"image\/jpeg"}],"author":"Jasmin Mursula","twitter_card":"summary_large_image","twitter_misc":{"Kirjoittanut":"Jasmin Mursula","Arvioitu lukuaika":"1 minuutti"},"schema":{"@context":"https:\/\/schema.org","@graph":[{"@type":"Article","@id":"https:\/\/fecc.ee\/30-09-2025-liige-kutsub-kulla-abb\/#article","isPartOf":{"@id":"https:\/\/fecc.ee\/30-09-2025-liige-kutsub-kulla-abb\/"},"author":{"name":"Jasmin Mursula","@id":"https:\/\/fecc.ee\/#\/schema\/person\/dfcce5953472ec5912e66be711f4e756"},"headline":"30.09.2025 Liige kutsub k\u00fclla &#8211; ABB","datePublished":"2025-10-01T18:44:33+00:00","dateModified":"2026-03-29T16:58:24+00:00","mainEntityOfPage":{"@id":"https:\/\/fecc.ee\/30-09-2025-liige-kutsub-kulla-abb\/"},"wordCount":269,"publisher":{"@id":"https:\/\/fecc.ee\/#organization"},"image":{"@id":"https:\/\/fecc.ee\/30-09-2025-liige-kutsub-kulla-abb\/#primaryimage"},"thumbnailUrl":"https:\/\/fecc.ee\/wp-content\/uploads\/2025\/10\/IMG_8703-scaled.jpg","articleSection":["toimunud s\u00fcndmused"],"inLanguage":"fi"},{"@type":"WebPage","@id":"https:\/\/fecc.ee\/30-09-2025-liige-kutsub-kulla-abb\/","url":"https:\/\/fecc.ee\/30-09-2025-liige-kutsub-kulla-abb\/","name":"30.09.2025 Liige kutsub k\u00fclla - ABB | Soome-Eesti Kaubanduskoda","isPartOf":{"@id":"https:\/\/fecc.ee\/#website"},"primaryImageOfPage":{"@id":"https:\/\/fecc.ee\/30-09-2025-liige-kutsub-kulla-abb\/#primaryimage"},"image":{"@id":"https:\/\/fecc.ee\/30-09-2025-liige-kutsub-kulla-abb\/#primaryimage"},"thumbnailUrl":"https:\/\/fecc.ee\/wp-content\/uploads\/2025\/10\/IMG_8703-scaled.jpg","datePublished":"2025-10-01T18:44:33+00:00","dateModified":"2026-03-29T16:58:24+00:00","breadcrumb":{"@id":"https:\/\/fecc.ee\/30-09-2025-liige-kutsub-kulla-abb\/#breadcrumb"},"inLanguage":"fi","potentialAction":[{"@type":"ReadAction","target":["https:\/\/fecc.ee\/30-09-2025-liige-kutsub-kulla-abb\/"]}]},{"@type":"ImageObject","inLanguage":"fi","@id":"https:\/\/fecc.ee\/30-09-2025-liige-kutsub-kulla-abb\/#primaryimage","url":"https:\/\/fecc.ee\/wp-content\/uploads\/2025\/10\/IMG_8703-scaled.jpg","contentUrl":"https:\/\/fecc.ee\/wp-content\/uploads\/2025\/10\/IMG_8703-scaled.jpg","width":2560,"height":1707},{"@type":"BreadcrumbList","@id":"https:\/\/fecc.ee\/30-09-2025-liige-kutsub-kulla-abb\/#breadcrumb","itemListElement":[{"@type":"ListItem","position":1,"name":"Home","item":"https:\/\/fecc.ee\/"},{"@type":"ListItem","position":2,"name":"30.09.2025 Liige kutsub k\u00fclla &#8211; ABB"}]},{"@type":"WebSite","@id":"https:\/\/fecc.ee\/#website","url":"https:\/\/fecc.ee\/","name":"Suomalais-Virolainen Kauppakamari","description":"Tere tulemast Soome-Eesti kaubanduskoja kodulehek\u00fcljele. Oleme suurim rahvusvaheline kaubanduskoda Eestis.","publisher":{"@id":"https:\/\/fecc.ee\/#organization"},"potentialAction":[{"@type":"SearchAction","target":{"@type":"EntryPoint","urlTemplate":"https:\/\/fecc.ee\/?s={search_term_string}"},"query-input":{"@type":"PropertyValueSpecification","valueRequired":true,"valueName":"search_term_string"}}],"inLanguage":"fi"},{"@type":"Organization","@id":"https:\/\/fecc.ee\/#organization","name":"Suomalais-Virolainen Kauppakamari","url":"https:\/\/fecc.ee\/","logo":{"@type":"ImageObject","inLanguage":"fi","@id":"https:\/\/fecc.ee\/#\/schema\/logo\/image\/","url":"https:\/\/fecc.ee\/wp-content\/uploads\/2025\/06\/FECC_Logo-1.png","contentUrl":"https:\/\/fecc.ee\/wp-content\/uploads\/2025\/06\/FECC_Logo-1.png","width":944,"height":292,"caption":"Soome-Eesti Kaubanduskoda"},"image":{"@id":"https:\/\/fecc.ee\/#\/schema\/logo\/image\/"},"sameAs":["https:\/\/www.facebook.com\/fecc.soomeeesti\/","https:\/\/www.linkedin.com\/company\/fecc-finnish-estonian-chamber-of-commerce\/"]},{"@type":"Person","@id":"https:\/\/fecc.ee\/#\/schema\/person\/dfcce5953472ec5912e66be711f4e756","name":"Jasmin Mursula","image":{"@type":"ImageObject","inLanguage":"fi","@id":"https:\/\/secure.gravatar.com\/avatar\/62a3bdb1b9e7893a74e26b48896fd382ddb4a123448790f8cb8f175dad687780?s=96&d=mm&r=g","url":"https:\/\/secure.gravatar.com\/avatar\/62a3bdb1b9e7893a74e26b48896fd382ddb4a123448790f8cb8f175dad687780?s=96&d=mm&r=g","contentUrl":"https:\/\/secure.gravatar.com\/avatar\/62a3bdb1b9e7893a74e26b48896fd382ddb4a123448790f8cb8f175dad687780?s=96&d=mm&r=g","caption":"Jasmin Mursula"},"url":"https:\/\/fecc.ee\/fi\/author\/fecc\/"}]}},"_links":{"self":[{"href":"https:\/\/fecc.ee\/fi\/wp-json\/wp\/v2\/posts\/25252","targetHints":{"allow":["GET"]}}],"collection":[{"href":"https:\/\/fecc.ee\/fi\/wp-json\/wp\/v2\/posts"}],"about":[{"href":"https:\/\/fecc.ee\/fi\/wp-json\/wp\/v2\/types\/post"}],"author":[{"embeddable":true,"href":"https:\/\/fecc.ee\/fi\/wp-json\/wp\/v2\/users\/3"}],"replies":[{"embeddable":true,"href":"https:\/\/fecc.ee\/fi\/wp-json\/wp\/v2\/comments?post=25252"}],"version-history":[{"count":11,"href":"https:\/\/fecc.ee\/fi\/wp-json\/wp\/v2\/posts\/25252\/revisions"}],"predecessor-version":[{"id":26341,"href":"https:\/\/fecc.ee\/fi\/wp-json\/wp\/v2\/posts\/25252\/revisions\/26341"}],"wp:featuredmedia":[{"embeddable":true,"href":"https:\/\/fecc.ee\/fi\/wp-json\/wp\/v2\/media\/25260"}],"wp:attachment":[{"href":"https:\/\/fecc.ee\/fi\/wp-json\/wp\/v2\/media?parent=25252"}],"wp:term":[{"taxonomy":"category","embeddable":true,"href":"https:\/\/fecc.ee\/fi\/wp-json\/wp\/v2\/categories?post=25252"},{"taxonomy":"post_tag","embeddable":true,"href":"https:\/\/fecc.ee\/fi\/wp-json\/wp\/v2\/tags?post=25252"}],"curies":[{"name":"wp","href":"https:\/\/api.w.org\/{rel}","templated":true}]}}