{"id":25307,"date":"2025-11-10T16:07:00","date_gmt":"2025-11-10T14:07:00","guid":{"rendered":"https:\/\/fecc.ee\/?p=25307"},"modified":"2026-03-29T18:54:19","modified_gmt":"2026-03-29T16:54:19","slug":"06-11-2025-liige-kutsub-kulla-manpower","status":"publish","type":"post","link":"https:\/\/fecc.ee\/fi\/06-11-2025-liige-kutsub-kulla-manpower\/","title":{"rendered":"06.11.2025 J\u00e4sen kutsuu kyl\u00e4\u00e4n \u2013 Manpower"},"content":{"rendered":"<div data-elementor-type=\"wp-post\" data-elementor-id=\"25307\" class=\"elementor elementor-25307\" data-elementor-post-type=\"post\">\n\t\t\t\t<div class=\"elementor-element elementor-element-62caf97e e-flex e-con-boxed e-con e-parent\" data-id=\"62caf97e\" data-element_type=\"container\" data-e-type=\"container\">\n\t\t\t\t\t<div class=\"e-con-inner\">\n\t\t\t\t<div class=\"elementor-element elementor-element-e5fde66 elementor-widget elementor-widget-text-editor\" data-id=\"e5fde66\" data-element_type=\"widget\" data-e-type=\"widget\" data-widget_type=\"text-editor.default\">\n\t\t\t\t\t\t\t\t\t<p><strong>Ty\u00f6markkinat vilkastumassa: sukupolvierot, teko\u00e4ly ja uraloikat muokkaavat tulevaisuutta<\/strong><\/p>\n<p>Viron ty\u00f6markkinat osoittavat elpymisen merkkej\u00e4 \u2013 vaikka luvut eiv\u00e4t ole dramaattisesti muuttuneet, taustalla tapahtuu paljon liikett\u00e4 ja sopeutumista. Ty\u00f6paikat, jotka aiemmin h\u00e4visiv\u00e4t irtisanomisten my\u00f6t\u00e4, korvataan nyt rekrytoinneilla. Uusi tilanne vaatii kaikilta nopeaa \u2013 tai jopa viel\u00e4 nopeampaa \u2013 sopeutumista.<\/p>\n<p>Sukupolvet muovaavat uutta ty\u00f6asennetta<br \/>Z-sukupolvi astuu vahvasti ty\u00f6el\u00e4m\u00e4\u00e4n. Nuorten sitouttamiseksi ei en\u00e4\u00e4 riit\u00e4 pelkk\u00e4 hyv\u00e4 ty\u00f6 \u2013 t\u00e4rke\u00e4\u00e4 on tarkoituksellinen johtaminen, kehittymisen tuki ja taloudellinen l\u00e4pin\u00e4kyvyys.<\/p>\n<p>Millennium-sukupolven johtajat kokevat kasvavaa painetta \u2013 juuri he raportoivat useimmin p\u00e4ivitt\u00e4ist\u00e4 stressi\u00e4. Heille avainsanoja ovat hyvinvointi, eettinen johtaminen ja avoimuus. Vanhemmat sukupolvet puolestaan arvostavat eniten yrityksen taloudellista vakautta.<\/p>\n<p>L\u00e4hes puolet Viron ty\u00f6nantajista tekee aktiivisesti ty\u00f6t\u00e4 sukupuolten palkkaeron kaventamiseksi, ja DEIB (monimuotoisuus, tasa-arvo, osallisuus ja yhteenkuuluvuus) nousee monien yritysten strategiseksi prioriteetiksi.<\/p>\n<p>Viro on edelleen yksi Euroopan liberaaleimmista maista et\u00e4ty\u00f6n suhteen, mutta joustava ty\u00f6 muuttuu entist\u00e4 monimutkaisemmaksi. Samalla IT-osaajista on yh\u00e4 pulaa, mik\u00e4 pit\u00e4\u00e4 teknologia-alan kysynn\u00e4n korkeana.<\/p>\n<p>Noin puolet ty\u00f6ntekij\u00f6ist\u00e4 k\u00e4ytt\u00e4\u00e4 jo teko\u00e4lyty\u00f6kaluja, jotka voivat parantaa huippuasiantuntijoiden suorituskyky\u00e4 jopa 40 %. Teko\u00e4ly ei korvaa ty\u00f6paikkoja, mutta muuttaa niiden sis\u00e4lt\u00f6\u00e4 ja lis\u00e4\u00e4 tuottavuutta.<\/p>\n<p>Nykyiset ty\u00f6markkinat suosivat ihmisi\u00e4, jotka uskaltavat tehd\u00e4 urahypp\u00e4yksen ja arvostavat omaa hyvinvointiaan. Ty\u00f6nantajat, jotka pystyv\u00e4t yhdist\u00e4m\u00e4\u00e4n nopean sopeutumisen, ihmisl\u00e4ht\u00f6isen johtamisen ja teknologisen kehityksen, s\u00e4ilytt\u00e4v\u00e4t kilpailukykyns\u00e4 muuttuvassa ty\u00f6el\u00e4m\u00e4ss\u00e4.<\/p>\t\t\t\t\t\t\t\t<\/div>\n\t\t\t\t\t<\/div>\n\t\t\t\t<\/div>\n\t\t<div class=\"elementor-element elementor-element-32faa59 e-flex e-con-boxed e-con e-parent\" data-id=\"32faa59\" data-element_type=\"container\" data-e-type=\"container\">\n\t\t\t\t\t<div class=\"e-con-inner\">\n\t\t\t\t<div class=\"elementor-element elementor-element-93d046f elementor-widget elementor-widget-gallery\" data-id=\"93d046f\" data-element_type=\"widget\" data-e-type=\"widget\" data-settings=\"{&quot;gallery_layout&quot;:&quot;justified&quot;,&quot;ideal_row_height&quot;:{&quot;unit&quot;:&quot;px&quot;,&quot;size&quot;:160,&quot;sizes&quot;:[]},&quot;gap&quot;:{&quot;unit&quot;:&quot;px&quot;,&quot;size&quot;:16,&quot;sizes&quot;:[]},&quot;lazyload&quot;:&quot;yes&quot;,&quot;ideal_row_height_tablet&quot;:{&quot;unit&quot;:&quot;px&quot;,&quot;size&quot;:150,&quot;sizes&quot;:[]},&quot;ideal_row_height_mobile&quot;:{&quot;unit&quot;:&quot;px&quot;,&quot;size&quot;:150,&quot;sizes&quot;:[]},&quot;gap_tablet&quot;:{&quot;unit&quot;:&quot;px&quot;,&quot;size&quot;:10,&quot;sizes&quot;:[]},&quot;gap_mobile&quot;:{&quot;unit&quot;:&quot;px&quot;,&quot;size&quot;:10,&quot;sizes&quot;:[]},&quot;link_to&quot;:&quot;file&quot;,&quot;overlay_background&quot;:&quot;yes&quot;,&quot;content_hover_animation&quot;:&quot;fade-in&quot;}\" data-widget_type=\"gallery.default\">\n\t\t\t\t\t\t\t<div class=\"elementor-gallery__container\">\n\t\t\t\t\t\t\t<a class=\"e-gallery-item elementor-gallery-item elementor-animated-content\" href=\"https:\/\/fecc.ee\/wp-content\/uploads\/2025\/11\/processed-7B6C20CA-F790-4C42-9056-172DA848E2D4.jpeg\" data-elementor-open-lightbox=\"yes\" data-elementor-lightbox-slideshow=\"93d046f\" data-elementor-lightbox-title=\"processed-7B6C20CA-F790-4C42-9056-172DA848E2D4\" data-e-action-hash=\"#elementor-action%3Aaction%3Dlightbox%26settings%3DeyJpZCI6MjUzMDgsInVybCI6Imh0dHBzOlwvXC9mZWNjLmVlXC93cC1jb250ZW50XC91cGxvYWRzXC8yMDI1XC8xMVwvcHJvY2Vzc2VkLTdCNkMyMENBLUY3OTAtNEM0Mi05MDU2LTE3MkRBODQ4RTJENC5qcGVnIiwic2xpZGVzaG93IjoiOTNkMDQ2ZiJ9\">\n\t\t\t\t\t<div class=\"e-gallery-image elementor-gallery-item__image\" data-thumbnail=\"https:\/\/fecc.ee\/wp-content\/uploads\/2025\/11\/processed-7B6C20CA-F790-4C42-9056-172DA848E2D4-768x1023.jpeg\" data-width=\"768\" data-height=\"1023\" aria-label=\"\" role=\"img\" ><\/div>\n\t\t\t\t\t\t\t\t\t\t\t<div class=\"elementor-gallery-item__overlay\"><\/div>\n\t\t\t\t\t\t\t\t\t\t\t\t\t\t<\/a>\n\t\t\t\t\t\t\t<a class=\"e-gallery-item elementor-gallery-item elementor-animated-content\" href=\"https:\/\/fecc.ee\/wp-content\/uploads\/2025\/11\/processed-56DC841F-1BF3-457C-B7AC-AF9BFCDD8045.jpeg\" data-elementor-open-lightbox=\"yes\" data-elementor-lightbox-slideshow=\"93d046f\" data-elementor-lightbox-title=\"processed-56DC841F-1BF3-457C-B7AC-AF9BFCDD8045\" data-e-action-hash=\"#elementor-action%3Aaction%3Dlightbox%26settings%3DeyJpZCI6MjUzMTUsInVybCI6Imh0dHBzOlwvXC9mZWNjLmVlXC93cC1jb250ZW50XC91cGxvYWRzXC8yMDI1XC8xMVwvcHJvY2Vzc2VkLTU2REM4NDFGLTFCRjMtNDU3Qy1CN0FDLUFGOUJGQ0REODA0NS5qcGVnIiwic2xpZGVzaG93IjoiOTNkMDQ2ZiJ9\">\n\t\t\t\t\t<div class=\"e-gallery-image elementor-gallery-item__image\" data-thumbnail=\"https:\/\/fecc.ee\/wp-content\/uploads\/2025\/11\/processed-56DC841F-1BF3-457C-B7AC-AF9BFCDD8045-768x576.jpeg\" data-width=\"768\" data-height=\"576\" aria-label=\"\" role=\"img\" ><\/div>\n\t\t\t\t\t\t\t\t\t\t\t<div class=\"elementor-gallery-item__overlay\"><\/div>\n\t\t\t\t\t\t\t\t\t\t\t\t\t\t<\/a>\n\t\t\t\t\t\t\t<a class=\"e-gallery-item elementor-gallery-item elementor-animated-content\" href=\"https:\/\/fecc.ee\/wp-content\/uploads\/2025\/11\/processed-4B5E1DFB-10B3-412E-BA27-193CAD848F4F.jpeg\" data-elementor-open-lightbox=\"yes\" data-elementor-lightbox-slideshow=\"93d046f\" data-elementor-lightbox-title=\"processed-4B5E1DFB-10B3-412E-BA27-193CAD848F4F\" data-e-action-hash=\"#elementor-action%3Aaction%3Dlightbox%26settings%3DeyJpZCI6MjUzMTMsInVybCI6Imh0dHBzOlwvXC9mZWNjLmVlXC93cC1jb250ZW50XC91cGxvYWRzXC8yMDI1XC8xMVwvcHJvY2Vzc2VkLTRCNUUxREZCLTEwQjMtNDEyRS1CQTI3LTE5M0NBRDg0OEY0Ri5qcGVnIiwic2xpZGVzaG93IjoiOTNkMDQ2ZiJ9\">\n\t\t\t\t\t<div class=\"e-gallery-image elementor-gallery-item__image\" data-thumbnail=\"https:\/\/fecc.ee\/wp-content\/uploads\/2025\/11\/processed-4B5E1DFB-10B3-412E-BA27-193CAD848F4F-768x1023.jpeg\" data-width=\"768\" data-height=\"1023\" aria-label=\"\" role=\"img\" ><\/div>\n\t\t\t\t\t\t\t\t\t\t\t<div class=\"elementor-gallery-item__overlay\"><\/div>\n\t\t\t\t\t\t\t\t\t\t\t\t\t\t<\/a>\n\t\t\t\t\t\t\t<a class=\"e-gallery-item elementor-gallery-item elementor-animated-content\" href=\"https:\/\/fecc.ee\/wp-content\/uploads\/2025\/11\/processed-A72AD978-8DA0-4C2F-97C5-1F75466265A0.jpeg\" data-elementor-open-lightbox=\"yes\" data-elementor-lightbox-slideshow=\"93d046f\" data-elementor-lightbox-title=\"processed-A72AD978-8DA0-4C2F-97C5-1F75466265A0\" data-e-action-hash=\"#elementor-action%3Aaction%3Dlightbox%26settings%3DeyJpZCI6MjUzMTIsInVybCI6Imh0dHBzOlwvXC9mZWNjLmVlXC93cC1jb250ZW50XC91cGxvYWRzXC8yMDI1XC8xMVwvcHJvY2Vzc2VkLUE3MkFEOTc4LThEQTAtNEMyRi05N0M1LTFGNzU0NjYyNjVBMC5qcGVnIiwic2xpZGVzaG93IjoiOTNkMDQ2ZiJ9\">\n\t\t\t\t\t<div class=\"e-gallery-image elementor-gallery-item__image\" data-thumbnail=\"https:\/\/fecc.ee\/wp-content\/uploads\/2025\/11\/processed-A72AD978-8DA0-4C2F-97C5-1F75466265A0-768x1023.jpeg\" data-width=\"768\" data-height=\"1023\" aria-label=\"\" role=\"img\" ><\/div>\n\t\t\t\t\t\t\t\t\t\t\t<div class=\"elementor-gallery-item__overlay\"><\/div>\n\t\t\t\t\t\t\t\t\t\t\t\t\t\t<\/a>\n\t\t\t\t\t<\/div>\n\t\t\t\t\t<\/div>\n\t\t\t\t\t<\/div>\n\t\t\t\t<\/div>\n\t\t\t\t<\/div>","protected":false},"excerpt":{"rendered":"<p>T\u00f6\u00f6turg hakkab elavnema: p\u00f5lvkondade erinevused, AI ja karj\u00e4\u00e4rip\u00f6\u00f6rded kujundavad uut t\u00f6\u00f6maastikku Eesti t\u00f6\u00f6turg n\u00e4itab elavnemise m\u00e4rke \u2013 kuigi numbrid ise pole drastiliselt muutunud, toimub taustal palju liikumist ja kohanemist. T\u00f6\u00f6kohad, mis varem kadusid&#8230;<\/p>","protected":false},"author":3,"featured_media":25247,"comment_status":"closed","ping_status":"closed","sticky":false,"template":"","format":"standard","meta":{"_acf_changed":false,"footnotes":""},"categories":[111],"tags":[],"class_list":["post-25307","post","type-post","status-publish","format-standard","has-post-thumbnail","hentry","category-toimunud-syndmused"],"acf":[],"yoast_head":"<!-- This site is optimized with the Yoast SEO plugin v27.4 - https:\/\/yoast.com\/product\/yoast-seo-wordpress\/ -->\n<title>06.11.2025 Liige kutsub k\u00fclla - Manpower | Soome-Eesti Kaubanduskoda<\/title>\n<meta name=\"robots\" content=\"index, follow, max-snippet:-1, max-image-preview:large, max-video-preview:-1\" \/>\n<link rel=\"canonical\" href=\"https:\/\/fecc.ee\/fi\/06-11-2025-liige-kutsub-kulla-manpower\/\" \/>\n<meta property=\"og:locale\" content=\"fi_FI\" \/>\n<meta property=\"og:type\" content=\"article\" \/>\n<meta property=\"og:title\" content=\"06.11.2025 Liige kutsub k\u00fclla - Manpower | Soome-Eesti Kaubanduskoda\" \/>\n<meta property=\"og:description\" content=\"T\u00f6\u00f6turg hakkab elavnema: p\u00f5lvkondade erinevused, AI ja karj\u00e4\u00e4rip\u00f6\u00f6rded kujundavad uut t\u00f6\u00f6maastikku Eesti t\u00f6\u00f6turg n\u00e4itab elavnemise m\u00e4rke \u2013 kuigi numbrid ise pole drastiliselt muutunud, toimub taustal palju liikumist ja kohanemist. T\u00f6\u00f6kohad, mis varem kadusid...\" \/>\n<meta property=\"og:url\" content=\"https:\/\/fecc.ee\/fi\/06-11-2025-liige-kutsub-kulla-manpower\/\" \/>\n<meta property=\"og:site_name\" content=\"Soome-Eesti Kaubanduskoda\" \/>\n<meta property=\"article:publisher\" content=\"https:\/\/www.facebook.com\/fecc.soomeeesti\/\" \/>\n<meta property=\"article:published_time\" content=\"2025-11-10T14:07:00+00:00\" \/>\n<meta property=\"article:modified_time\" content=\"2026-03-29T16:54:19+00:00\" \/>\n<meta property=\"og:image\" content=\"https:\/\/fecc.ee\/wp-content\/uploads\/2025\/09\/Manpower-jasen-kutsuu-kylaan.png\" \/>\n\t<meta property=\"og:image:width\" content=\"1587\" \/>\n\t<meta property=\"og:image:height\" content=\"2245\" \/>\n\t<meta property=\"og:image:type\" content=\"image\/png\" \/>\n<meta name=\"author\" content=\"Jasmin Mursula\" \/>\n<meta name=\"twitter:card\" content=\"summary_large_image\" \/>\n<meta name=\"twitter:label1\" content=\"Kirjoittanut\" \/>\n\t<meta name=\"twitter:data1\" content=\"Jasmin Mursula\" \/>\n\t<meta name=\"twitter:label2\" content=\"Arvioitu lukuaika\" \/>\n\t<meta name=\"twitter:data2\" content=\"1 minuutti\" \/>\n<script type=\"application\/ld+json\" class=\"yoast-schema-graph\">{\"@context\":\"https:\\\/\\\/schema.org\",\"@graph\":[{\"@type\":\"Article\",\"@id\":\"https:\\\/\\\/fecc.ee\\\/06-11-2025-liige-kutsub-kulla-manpower\\\/#article\",\"isPartOf\":{\"@id\":\"https:\\\/\\\/fecc.ee\\\/06-11-2025-liige-kutsub-kulla-manpower\\\/\"},\"author\":{\"name\":\"Jasmin Mursula\",\"@id\":\"https:\\\/\\\/fecc.ee\\\/#\\\/schema\\\/person\\\/dfcce5953472ec5912e66be711f4e756\"},\"headline\":\"06.11.2025 Liige kutsub k\u00fclla &#8211; Manpower\",\"datePublished\":\"2025-11-10T14:07:00+00:00\",\"dateModified\":\"2026-03-29T16:54:19+00:00\",\"mainEntityOfPage\":{\"@id\":\"https:\\\/\\\/fecc.ee\\\/06-11-2025-liige-kutsub-kulla-manpower\\\/\"},\"wordCount\":272,\"publisher\":{\"@id\":\"https:\\\/\\\/fecc.ee\\\/#organization\"},\"image\":{\"@id\":\"https:\\\/\\\/fecc.ee\\\/06-11-2025-liige-kutsub-kulla-manpower\\\/#primaryimage\"},\"thumbnailUrl\":\"https:\\\/\\\/fecc.ee\\\/wp-content\\\/uploads\\\/2025\\\/09\\\/Manpower-jasen-kutsuu-kylaan.png\",\"articleSection\":[\"toimunud s\u00fcndmused\"],\"inLanguage\":\"fi\"},{\"@type\":\"WebPage\",\"@id\":\"https:\\\/\\\/fecc.ee\\\/06-11-2025-liige-kutsub-kulla-manpower\\\/\",\"url\":\"https:\\\/\\\/fecc.ee\\\/06-11-2025-liige-kutsub-kulla-manpower\\\/\",\"name\":\"06.11.2025 Liige kutsub k\u00fclla - Manpower | Soome-Eesti Kaubanduskoda\",\"isPartOf\":{\"@id\":\"https:\\\/\\\/fecc.ee\\\/#website\"},\"primaryImageOfPage\":{\"@id\":\"https:\\\/\\\/fecc.ee\\\/06-11-2025-liige-kutsub-kulla-manpower\\\/#primaryimage\"},\"image\":{\"@id\":\"https:\\\/\\\/fecc.ee\\\/06-11-2025-liige-kutsub-kulla-manpower\\\/#primaryimage\"},\"thumbnailUrl\":\"https:\\\/\\\/fecc.ee\\\/wp-content\\\/uploads\\\/2025\\\/09\\\/Manpower-jasen-kutsuu-kylaan.png\",\"datePublished\":\"2025-11-10T14:07:00+00:00\",\"dateModified\":\"2026-03-29T16:54:19+00:00\",\"breadcrumb\":{\"@id\":\"https:\\\/\\\/fecc.ee\\\/06-11-2025-liige-kutsub-kulla-manpower\\\/#breadcrumb\"},\"inLanguage\":\"fi\",\"potentialAction\":[{\"@type\":\"ReadAction\",\"target\":[\"https:\\\/\\\/fecc.ee\\\/06-11-2025-liige-kutsub-kulla-manpower\\\/\"]}]},{\"@type\":\"ImageObject\",\"inLanguage\":\"fi\",\"@id\":\"https:\\\/\\\/fecc.ee\\\/06-11-2025-liige-kutsub-kulla-manpower\\\/#primaryimage\",\"url\":\"https:\\\/\\\/fecc.ee\\\/wp-content\\\/uploads\\\/2025\\\/09\\\/Manpower-jasen-kutsuu-kylaan.png\",\"contentUrl\":\"https:\\\/\\\/fecc.ee\\\/wp-content\\\/uploads\\\/2025\\\/09\\\/Manpower-jasen-kutsuu-kylaan.png\",\"width\":1587,\"height\":2245},{\"@type\":\"BreadcrumbList\",\"@id\":\"https:\\\/\\\/fecc.ee\\\/06-11-2025-liige-kutsub-kulla-manpower\\\/#breadcrumb\",\"itemListElement\":[{\"@type\":\"ListItem\",\"position\":1,\"name\":\"Home\",\"item\":\"https:\\\/\\\/fecc.ee\\\/\"},{\"@type\":\"ListItem\",\"position\":2,\"name\":\"06.11.2025 Liige kutsub k\u00fclla &#8211; Manpower\"}]},{\"@type\":\"WebSite\",\"@id\":\"https:\\\/\\\/fecc.ee\\\/#website\",\"url\":\"https:\\\/\\\/fecc.ee\\\/\",\"name\":\"Soome-Eesti Kaubanduskoda\",\"description\":\"Tere tulemast Soome-Eesti kaubanduskoja kodulehek\u00fcljele. Oleme suurim rahvusvaheline kaubanduskoda Eestis.\",\"publisher\":{\"@id\":\"https:\\\/\\\/fecc.ee\\\/#organization\"},\"potentialAction\":[{\"@type\":\"SearchAction\",\"target\":{\"@type\":\"EntryPoint\",\"urlTemplate\":\"https:\\\/\\\/fecc.ee\\\/?s={search_term_string}\"},\"query-input\":{\"@type\":\"PropertyValueSpecification\",\"valueRequired\":true,\"valueName\":\"search_term_string\"}}],\"inLanguage\":\"fi\"},{\"@type\":\"Organization\",\"@id\":\"https:\\\/\\\/fecc.ee\\\/#organization\",\"name\":\"Soome-Eesti Kaubanduskoda\",\"url\":\"https:\\\/\\\/fecc.ee\\\/\",\"logo\":{\"@type\":\"ImageObject\",\"inLanguage\":\"fi\",\"@id\":\"https:\\\/\\\/fecc.ee\\\/#\\\/schema\\\/logo\\\/image\\\/\",\"url\":\"https:\\\/\\\/fecc.ee\\\/wp-content\\\/uploads\\\/2025\\\/06\\\/FECC_Logo-1.png\",\"contentUrl\":\"https:\\\/\\\/fecc.ee\\\/wp-content\\\/uploads\\\/2025\\\/06\\\/FECC_Logo-1.png\",\"width\":944,\"height\":292,\"caption\":\"Soome-Eesti Kaubanduskoda\"},\"image\":{\"@id\":\"https:\\\/\\\/fecc.ee\\\/#\\\/schema\\\/logo\\\/image\\\/\"},\"sameAs\":[\"https:\\\/\\\/www.facebook.com\\\/fecc.soomeeesti\\\/\",\"https:\\\/\\\/www.linkedin.com\\\/company\\\/fecc-finnish-estonian-chamber-of-commerce\\\/\"]},{\"@type\":\"Person\",\"@id\":\"https:\\\/\\\/fecc.ee\\\/#\\\/schema\\\/person\\\/dfcce5953472ec5912e66be711f4e756\",\"name\":\"Jasmin Mursula\",\"image\":{\"@type\":\"ImageObject\",\"inLanguage\":\"fi\",\"@id\":\"https:\\\/\\\/secure.gravatar.com\\\/avatar\\\/62a3bdb1b9e7893a74e26b48896fd382ddb4a123448790f8cb8f175dad687780?s=96&d=mm&r=g\",\"url\":\"https:\\\/\\\/secure.gravatar.com\\\/avatar\\\/62a3bdb1b9e7893a74e26b48896fd382ddb4a123448790f8cb8f175dad687780?s=96&d=mm&r=g\",\"contentUrl\":\"https:\\\/\\\/secure.gravatar.com\\\/avatar\\\/62a3bdb1b9e7893a74e26b48896fd382ddb4a123448790f8cb8f175dad687780?s=96&d=mm&r=g\",\"caption\":\"Jasmin Mursula\"},\"url\":\"https:\\\/\\\/fecc.ee\\\/fi\\\/author\\\/fecc\\\/\"}]}<\/script>\n<!-- \/ Yoast SEO plugin. -->","yoast_head_json":{"title":"06.11.2025 Liige kutsub k\u00fclla - Manpower | Soome-Eesti Kaubanduskoda","robots":{"index":"index","follow":"follow","max-snippet":"max-snippet:-1","max-image-preview":"max-image-preview:large","max-video-preview":"max-video-preview:-1"},"canonical":"https:\/\/fecc.ee\/fi\/06-11-2025-liige-kutsub-kulla-manpower\/","og_locale":"fi_FI","og_type":"article","og_title":"06.11.2025 Liige kutsub k\u00fclla - Manpower | Soome-Eesti Kaubanduskoda","og_description":"T\u00f6\u00f6turg hakkab elavnema: p\u00f5lvkondade erinevused, AI ja karj\u00e4\u00e4rip\u00f6\u00f6rded kujundavad uut t\u00f6\u00f6maastikku Eesti t\u00f6\u00f6turg n\u00e4itab elavnemise m\u00e4rke \u2013 kuigi numbrid ise pole drastiliselt muutunud, toimub taustal palju liikumist ja kohanemist. T\u00f6\u00f6kohad, mis varem kadusid...","og_url":"https:\/\/fecc.ee\/fi\/06-11-2025-liige-kutsub-kulla-manpower\/","og_site_name":"Soome-Eesti Kaubanduskoda","article_publisher":"https:\/\/www.facebook.com\/fecc.soomeeesti\/","article_published_time":"2025-11-10T14:07:00+00:00","article_modified_time":"2026-03-29T16:54:19+00:00","og_image":[{"width":1587,"height":2245,"url":"https:\/\/fecc.ee\/wp-content\/uploads\/2025\/09\/Manpower-jasen-kutsuu-kylaan.png","type":"image\/png"}],"author":"Jasmin Mursula","twitter_card":"summary_large_image","twitter_misc":{"Kirjoittanut":"Jasmin Mursula","Arvioitu lukuaika":"1 minuutti"},"schema":{"@context":"https:\/\/schema.org","@graph":[{"@type":"Article","@id":"https:\/\/fecc.ee\/06-11-2025-liige-kutsub-kulla-manpower\/#article","isPartOf":{"@id":"https:\/\/fecc.ee\/06-11-2025-liige-kutsub-kulla-manpower\/"},"author":{"name":"Jasmin Mursula","@id":"https:\/\/fecc.ee\/#\/schema\/person\/dfcce5953472ec5912e66be711f4e756"},"headline":"06.11.2025 Liige kutsub k\u00fclla &#8211; Manpower","datePublished":"2025-11-10T14:07:00+00:00","dateModified":"2026-03-29T16:54:19+00:00","mainEntityOfPage":{"@id":"https:\/\/fecc.ee\/06-11-2025-liige-kutsub-kulla-manpower\/"},"wordCount":272,"publisher":{"@id":"https:\/\/fecc.ee\/#organization"},"image":{"@id":"https:\/\/fecc.ee\/06-11-2025-liige-kutsub-kulla-manpower\/#primaryimage"},"thumbnailUrl":"https:\/\/fecc.ee\/wp-content\/uploads\/2025\/09\/Manpower-jasen-kutsuu-kylaan.png","articleSection":["toimunud s\u00fcndmused"],"inLanguage":"fi"},{"@type":"WebPage","@id":"https:\/\/fecc.ee\/06-11-2025-liige-kutsub-kulla-manpower\/","url":"https:\/\/fecc.ee\/06-11-2025-liige-kutsub-kulla-manpower\/","name":"06.11.2025 Liige kutsub k\u00fclla - Manpower | Soome-Eesti Kaubanduskoda","isPartOf":{"@id":"https:\/\/fecc.ee\/#website"},"primaryImageOfPage":{"@id":"https:\/\/fecc.ee\/06-11-2025-liige-kutsub-kulla-manpower\/#primaryimage"},"image":{"@id":"https:\/\/fecc.ee\/06-11-2025-liige-kutsub-kulla-manpower\/#primaryimage"},"thumbnailUrl":"https:\/\/fecc.ee\/wp-content\/uploads\/2025\/09\/Manpower-jasen-kutsuu-kylaan.png","datePublished":"2025-11-10T14:07:00+00:00","dateModified":"2026-03-29T16:54:19+00:00","breadcrumb":{"@id":"https:\/\/fecc.ee\/06-11-2025-liige-kutsub-kulla-manpower\/#breadcrumb"},"inLanguage":"fi","potentialAction":[{"@type":"ReadAction","target":["https:\/\/fecc.ee\/06-11-2025-liige-kutsub-kulla-manpower\/"]}]},{"@type":"ImageObject","inLanguage":"fi","@id":"https:\/\/fecc.ee\/06-11-2025-liige-kutsub-kulla-manpower\/#primaryimage","url":"https:\/\/fecc.ee\/wp-content\/uploads\/2025\/09\/Manpower-jasen-kutsuu-kylaan.png","contentUrl":"https:\/\/fecc.ee\/wp-content\/uploads\/2025\/09\/Manpower-jasen-kutsuu-kylaan.png","width":1587,"height":2245},{"@type":"BreadcrumbList","@id":"https:\/\/fecc.ee\/06-11-2025-liige-kutsub-kulla-manpower\/#breadcrumb","itemListElement":[{"@type":"ListItem","position":1,"name":"Home","item":"https:\/\/fecc.ee\/"},{"@type":"ListItem","position":2,"name":"06.11.2025 Liige kutsub k\u00fclla &#8211; Manpower"}]},{"@type":"WebSite","@id":"https:\/\/fecc.ee\/#website","url":"https:\/\/fecc.ee\/","name":"Suomalais-Virolainen Kauppakamari","description":"Tere tulemast Soome-Eesti kaubanduskoja kodulehek\u00fcljele. Oleme suurim rahvusvaheline kaubanduskoda Eestis.","publisher":{"@id":"https:\/\/fecc.ee\/#organization"},"potentialAction":[{"@type":"SearchAction","target":{"@type":"EntryPoint","urlTemplate":"https:\/\/fecc.ee\/?s={search_term_string}"},"query-input":{"@type":"PropertyValueSpecification","valueRequired":true,"valueName":"search_term_string"}}],"inLanguage":"fi"},{"@type":"Organization","@id":"https:\/\/fecc.ee\/#organization","name":"Suomalais-Virolainen Kauppakamari","url":"https:\/\/fecc.ee\/","logo":{"@type":"ImageObject","inLanguage":"fi","@id":"https:\/\/fecc.ee\/#\/schema\/logo\/image\/","url":"https:\/\/fecc.ee\/wp-content\/uploads\/2025\/06\/FECC_Logo-1.png","contentUrl":"https:\/\/fecc.ee\/wp-content\/uploads\/2025\/06\/FECC_Logo-1.png","width":944,"height":292,"caption":"Soome-Eesti Kaubanduskoda"},"image":{"@id":"https:\/\/fecc.ee\/#\/schema\/logo\/image\/"},"sameAs":["https:\/\/www.facebook.com\/fecc.soomeeesti\/","https:\/\/www.linkedin.com\/company\/fecc-finnish-estonian-chamber-of-commerce\/"]},{"@type":"Person","@id":"https:\/\/fecc.ee\/#\/schema\/person\/dfcce5953472ec5912e66be711f4e756","name":"Jasmin Mursula","image":{"@type":"ImageObject","inLanguage":"fi","@id":"https:\/\/secure.gravatar.com\/avatar\/62a3bdb1b9e7893a74e26b48896fd382ddb4a123448790f8cb8f175dad687780?s=96&d=mm&r=g","url":"https:\/\/secure.gravatar.com\/avatar\/62a3bdb1b9e7893a74e26b48896fd382ddb4a123448790f8cb8f175dad687780?s=96&d=mm&r=g","contentUrl":"https:\/\/secure.gravatar.com\/avatar\/62a3bdb1b9e7893a74e26b48896fd382ddb4a123448790f8cb8f175dad687780?s=96&d=mm&r=g","caption":"Jasmin Mursula"},"url":"https:\/\/fecc.ee\/fi\/author\/fecc\/"}]}},"_links":{"self":[{"href":"https:\/\/fecc.ee\/fi\/wp-json\/wp\/v2\/posts\/25307","targetHints":{"allow":["GET"]}}],"collection":[{"href":"https:\/\/fecc.ee\/fi\/wp-json\/wp\/v2\/posts"}],"about":[{"href":"https:\/\/fecc.ee\/fi\/wp-json\/wp\/v2\/types\/post"}],"author":[{"embeddable":true,"href":"https:\/\/fecc.ee\/fi\/wp-json\/wp\/v2\/users\/3"}],"replies":[{"embeddable":true,"href":"https:\/\/fecc.ee\/fi\/wp-json\/wp\/v2\/comments?post=25307"}],"version-history":[{"count":7,"href":"https:\/\/fecc.ee\/fi\/wp-json\/wp\/v2\/posts\/25307\/revisions"}],"predecessor-version":[{"id":26324,"href":"https:\/\/fecc.ee\/fi\/wp-json\/wp\/v2\/posts\/25307\/revisions\/26324"}],"wp:featuredmedia":[{"embeddable":true,"href":"https:\/\/fecc.ee\/fi\/wp-json\/wp\/v2\/media\/25247"}],"wp:attachment":[{"href":"https:\/\/fecc.ee\/fi\/wp-json\/wp\/v2\/media?parent=25307"}],"wp:term":[{"taxonomy":"category","embeddable":true,"href":"https:\/\/fecc.ee\/fi\/wp-json\/wp\/v2\/categories?post=25307"},{"taxonomy":"post_tag","embeddable":true,"href":"https:\/\/fecc.ee\/fi\/wp-json\/wp\/v2\/tags?post=25307"}],"curies":[{"name":"wp","href":"https:\/\/api.w.org\/{rel}","templated":true}]}}